{"id":28437,"date":"2015-02-02T10:20:14","date_gmt":"2015-02-02T10:20:14","guid":{"rendered":"http:\/\/clamart-citoyenne.fr\/?p=28437"},"modified":"2024-10-02T09:55:50","modified_gmt":"2024-10-02T07:55:50","slug":"apres-les-larmes-lespoir","status":"publish","type":"post","link":"https:\/\/clamart-citoyenne.fr\/?p=28437","title":{"rendered":"Apr\u00e8s les larmes, l\u2019espoir ?"},"content":{"rendered":"<p style=\"text-align: justify;\"><em>(Site de la mairie, f\u00e9vrier 2015)<\/em><\/p>\n<p style=\"text-align: justify;\">Nous voulons ici rendre hommage aux 17 victimes des \u00e9v\u00e9nements sanglants de d\u00e9but janvier, et nous associer \u00e0 la douleur de leurs proches.<\/p>\n<p style=\"text-align: justify;\">Nous avons \u00e9t\u00e9 horrifi\u00e9s. Et puis il y a eu cette fantastique mobilisation du 11 janvier. Le peuple est descendu dans la rue, au nom de la libert\u00e9 d\u2019expression : \u00ab Je suis Charlie \u00bb.<\/p>\n<p style=\"text-align: justify;\">\u00c0 l\u2019heure o\u00f9 nous \u00e9crivons, nous ne connaissons pas les mesures qui seront prises par le gouvernement. Il y a l\u00e0 une formidable occasion de redonner du sens \u00e0 la citoyennet\u00e9 et de refonder le lien social. Mais il y a aussi le risque que les pouvoirs r\u00e9duisent nos si ch\u00e8res libert\u00e9s, au nom de l\u2019ordre et de la s\u00e9curit\u00e9. Voil\u00e0 qui an\u00e9antirait l\u2019espoir n\u00e9 ce 11 janvier.<br \/>\nPour ne plus vivre cette horreur, la soci\u00e9t\u00e9 toute enti\u00e8re doit \u00e9voluer. Elle doit donner sa place \u00e0 chacun, dans le respect de tous.<\/p>\n<p style=\"text-align: left;\"><em>V. J\u00e9rome et P. Carrive<\/em><\/p>\n\n<div class=\"twitter-share\"><a href=\"https:\/\/twitter.com\/intent\/tweet?via=clamartcitoy\" class=\"twitter-share-button\">Tweet<\/a><\/div>\n","protected":false},"excerpt":{"rendered":"<p>(Site de la mairie, f\u00e9vrier 2015) Nous voulons ici rendre hommage aux 17 victimes des \u00e9v\u00e9nements sanglants de d\u00e9but janvier, et nous associer \u00e0 la douleur de leurs proches. Nous avons \u00e9t\u00e9 horrifi\u00e9s. Et puis il y a eu cette fantastique mobilisation du 11 janvier. Le peuple est descendu dans la rue, au nom de&#8230;<\/p>\n","protected":false},"author":1,"featured_media":0,"comment_status":"open","ping_status":"open","sticky":false,"template":"","format":"standard","meta":{"advgb_blocks_editor_width":"","advgb_blocks_columns_visual_guide":"","_kad_post_transparent":"","_kad_post_title":"","_kad_post_layout":"","_kad_post_sidebar_id":"","_kad_post_content_style":"","_kad_post_vertical_padding":"","_kad_post_feature":"","_kad_post_feature_position":"","_kad_post_header":false,"_kad_post_footer":false,"_kad_post_classname":"","jetpack_post_was_ever_published":false,"_jetpack_newsletter_access":"","_jetpack_dont_email_post_to_subs":false,"_jetpack_newsletter_tier_id":0,"_jetpack_memberships_contains_paywalled_content":false,"_jetpack_memberships_contains_paid_content":false,"footnotes":"","jetpack_publicize_message":"","jetpack_publicize_feature_enabled":true,"jetpack_social_post_already_shared":false,"jetpack_social_options":{"image_generator_settings":{"template":"highway","default_image_id":0,"font":"","enabled":false},"version":2}},"categories":[1],"tags":[94,71,95,92,96,93,66],"class_list":["post-28437","post","type-post","status-publish","format-standard","hentry","category-uncategorized","tag-charlie","tag-democratie","tag-fanatique","tag-integrisme","tag-laicite","tag-racisme","tag-tribune"],"author_meta":{"display_name":"CCadminWP","author_link":"https:\/\/clamart-citoyenne.fr\/?author=1"},"featured_img":null,"jetpack_publicize_connections":[],"jetpack_featured_media_url":"","coauthors":[],"tax_additional":{"categories":{"linked":["<a href=\"https:\/\/clamart-citoyenne.fr\/?cat=1\" class=\"advgb-post-tax-term\">Uncategorized<\/a>"],"unlinked":["<span class=\"advgb-post-tax-term\">Uncategorized<\/span>"]},"tags":{"linked":["<a href=\"https:\/\/clamart-citoyenne.fr\/?cat=1\" class=\"advgb-post-tax-term\">Charlie<\/a>","<a href=\"https:\/\/clamart-citoyenne.fr\/?cat=1\" class=\"advgb-post-tax-term\">D\u00e9mocratie<\/a>","<a href=\"https:\/\/clamart-citoyenne.fr\/?cat=1\" class=\"advgb-post-tax-term\">Fanatique<\/a>","<a href=\"https:\/\/clamart-citoyenne.fr\/?cat=1\" class=\"advgb-post-tax-term\">Int\u00e9grisme<\/a>","<a href=\"https:\/\/clamart-citoyenne.fr\/?cat=1\" class=\"advgb-post-tax-term\">La\u00efcit\u00e9<\/a>","<a href=\"https:\/\/clamart-citoyenne.fr\/?cat=1\" class=\"advgb-post-tax-term\">Racisme<\/a>","<a href=\"https:\/\/clamart-citoyenne.fr\/?cat=1\" class=\"advgb-post-tax-term\">Tribune<\/a>"],"unlinked":["<span class=\"advgb-post-tax-term\">Charlie<\/span>","<span class=\"advgb-post-tax-term\">D\u00e9mocratie<\/span>","<span class=\"advgb-post-tax-term\">Fanatique<\/span>","<span class=\"advgb-post-tax-term\">Int\u00e9grisme<\/span>","<span class=\"advgb-post-tax-term\">La\u00efcit\u00e9<\/span>","<span class=\"advgb-post-tax-term\">Racisme<\/span>","<span class=\"advgb-post-tax-term\">Tribune<\/span>"]}},"comment_count":"0","relative_dates":{"created":"Publi\u00e9 11 ans il y a","modified":"Mis \u00e0 jour 2 ans il y a"},"absolute_dates":{"created":"Publi\u00e9 le 02\/02\/2015","modified":"Mise \u00e0 jour le 02\/10\/2024"},"absolute_dates_time":{"created":"Publi\u00e9 le 02\/02\/2015 10:20","modified":"Mise \u00e0 jour le 02\/10\/2024 09:55"},"featured_img_caption":"","series_order":"","jetpack_sharing_enabled":true,"jetpack_shortlink":"https:\/\/wp.me\/p7cbn9-7oF","jetpack_likes_enabled":true,"_links":{"self":[{"href":"https:\/\/clamart-citoyenne.fr\/index.php?rest_route=\/wp\/v2\/posts\/28437","targetHints":{"allow":["GET"]}}],"collection":[{"href":"https:\/\/clamart-citoyenne.fr\/index.php?rest_route=\/wp\/v2\/posts"}],"about":[{"href":"https:\/\/clamart-citoyenne.fr\/index.php?rest_route=\/wp\/v2\/types\/post"}],"author":[{"embeddable":true,"href":"https:\/\/clamart-citoyenne.fr\/index.php?rest_route=\/wp\/v2\/users\/1"}],"replies":[{"embeddable":true,"href":"https:\/\/clamart-citoyenne.fr\/index.php?rest_route=%2Fwp%2Fv2%2Fcomments&post=28437"}],"version-history":[{"count":4,"href":"https:\/\/clamart-citoyenne.fr\/index.php?rest_route=\/wp\/v2\/posts\/28437\/revisions"}],"predecessor-version":[{"id":34250,"href":"https:\/\/clamart-citoyenne.fr\/index.php?rest_route=\/wp\/v2\/posts\/28437\/revisions\/34250"}],"wp:attachment":[{"href":"https:\/\/clamart-citoyenne.fr\/index.php?rest_route=%2Fwp%2Fv2%2Fmedia&parent=28437"}],"wp:term":[{"taxonomy":"category","embeddable":true,"href":"https:\/\/clamart-citoyenne.fr\/index.php?rest_route=%2Fwp%2Fv2%2Fcategories&post=28437"},{"taxonomy":"post_tag","embeddable":true,"href":"https:\/\/clamart-citoyenne.fr\/index.php?rest_route=%2Fwp%2Fv2%2Ftags&post=28437"}],"curies":[{"name":"wp","href":"https:\/\/api.w.org\/{rel}","templated":true}]}}