{"id":28486,"date":"2015-02-20T19:26:10","date_gmt":"2015-02-20T19:26:10","guid":{"rendered":"http:\/\/clamart-citoyenne.fr\/?p=28486"},"modified":"2015-02-20T19:26:10","modified_gmt":"2015-02-20T19:26:10","slug":"clamart-citoyenne-accueille-avec-enthousiasme-la-naissance-du-rayon-vert","status":"publish","type":"post","link":"https:\/\/clamart-citoyenne.fr\/?p=28486","title":{"rendered":"Clamart Citoyenne accueille avec enthousiasme la naissance du Rayon Vert"},"content":{"rendered":"<p style=\"text-align: justify;\">Le Rayon Vert est un atelier de r\u00e9insertion professionnel ax\u00e9 sur le v\u00e9lo. Ce chantier d&rsquo;insertion a vu le jour \u00e0 l&rsquo;initiative de l&rsquo;association ARPEIJE, qui s&rsquo;est appuy\u00e9e sur l&rsquo;association clamartoise incontournable pour tout ce qui touche au v\u00e9lo : les D\u00e9railleurs de Clamart.<\/p>\n<p style=\"text-align: justify;\"><a href=\"http:\/\/clamart-citoyenne.fr\/wp-content\/uploads\/2015\/02\/intro.mp3\">Patrick Delavier nous pr\u00e9sente le Rayon Vert<\/a><\/p>\n<p style=\"text-align: justify;\">Ouvert pour la premi\u00e8re fois le 7 f\u00e9vrier, le Rayon Vert accueillait ce samedi 14 f\u00e9vrier les Clamartois-es au 28 rue Gabriel P\u00e9ri (ancien centre socioculturel Jean Mermoz).<\/p>\n<p style=\"text-align: justify;\"><a href=\"http:\/\/clamart-citoyenne.fr\/wp-content\/uploads\/2015\/02\/LeRayonVertLD.mp3\">La naissance du Rayon Vert<\/a><\/p>\n<p style=\"text-align: justify;\">Alexandre, le professionnel en charge du\u00a0 Rayon Vert, encadre en ce momen<a href=\"http:\/\/clamart-citoyenne.fr\/wp-content\/uploads\/2015\/02\/AlexandreLD3.jpg\"><img loading=\"lazy\" decoding=\"async\" class=\"  alignright wp-image-28493\" src=\"http:\/\/clamart-citoyenne.fr\/wp-content\/uploads\/2015\/02\/AlexandreLD3.jpg\" alt=\"AlexandreLD\" width=\"273\" height=\"205\" \/><\/a>t six personnes en formation \u00ab m\u00e9canicien du cycle \u00bb. L&rsquo;\u00e9quipe accueillait les visiteurs pour donner un aper\u00e7u de leurs activit\u00e9s et r\u00e9ceptionnait les vieux v\u00e9los qu\u2019apportaient les nombreux Clamartois-es qui bravaient la pluie ce matin-l\u00e0. Au total, depuis son ouverture, une cinquantaine de v\u00e9los ont \u00e9t\u00e9 amen\u00e9s au Rayon Vert.<\/p>\n<p style=\"text-align: justify;\">Particuli\u00e8rement \u00e9cologique l&rsquo;atelier est dot\u00e9 d&rsquo;une fontaine biologique (Marolo) qui permet de nettoyer les pi\u00e8ces d\u00e9tach\u00e9es sans utiliser de li<a href=\"http:\/\/clamart-citoyenne.fr\/wp-content\/uploads\/2015\/02\/Bac-de-nettoyage1LD.jpg\"><img loading=\"lazy\" decoding=\"async\" class=\"  wp-image-28494 alignleft\" src=\"http:\/\/clamart-citoyenne.fr\/wp-content\/uploads\/2015\/02\/Bac-de-nettoyage1LD.jpg\" alt=\"Bac de nettoyage1LD\" width=\"187\" height=\"249\" \/><\/a>quides polluants (absorption des graisses par des bact\u00e9ries). Ce syst\u00e8me a pu \u00eatre obtenu gr\u00e2ce aux \u00e9conomies r\u00e9alis\u00e9es sur l&rsquo;achat du mobilier qui a \u00e9t\u00e9 r\u00e9cup\u00e9r\u00e9 aupr\u00e8s de La Poste.<\/p>\n<p style=\"text-align: justify;\"><a href=\"http:\/\/clamart-citoyenne.fr\/wp-content\/uploads\/2015\/02\/BacMarolloBioLD.mp3\">Alexandre explique le bac Marolo<\/a><\/p>\n<p style=\"text-align: justify;\">L&rsquo;adh\u00e9sion annuelle au Rayon Vert donne acc\u00e8s aux sessions d\u2019auto-r\u00e9paration de l&rsquo;atelier o\u00f9, avec les conseils de m\u00e9caniciens du cycle, vous pourrez entretenir vos v\u00e9los ou vous \u00e9quiper avec des v\u00e9los ou des pi\u00e8ces d&rsquo;occasion r\u00e9vis\u00e9s.<\/p>\n<p style=\"text-align: justify;\">Voil\u00e0 une initiative qui correspond en tous points aux valeurs port\u00e9es par Clamart Citoyenne : insertion par un apprentissage professionnalisant, dans une activit\u00e9 \u00e9cologiquement positive, exemplaire dans sa dimension p\u00e9dagogique, aussi bien du point de vue du refus du gaspillage que du souci de la sant\u00e9 publique. Une initiative parfaite.<\/p>\n<p style=\"text-align: justify;\">Les cyclistes de Clamart ne manqueront certainement pas d\u2019adh\u00e9rer au Rayon Vert et nous encourageons vivement tous les Clamartois-es \u00e0 faire de m\u00eame et \u00e0 soutenir ainsi cette initiative.<a href=\"http:\/\/clamart-citoyenne.fr\/wp-content\/uploads\/2015\/02\/V\u00e9losR\u00e9cup\u00e9r\u00e9sLD.jpg\"><img loading=\"lazy\" decoding=\"async\" class=\"aligncenter  wp-image-28495\" src=\"http:\/\/clamart-citoyenne.fr\/wp-content\/uploads\/2015\/02\/V\u00e9losR\u00e9cup\u00e9r\u00e9sLD.jpg\" alt=\"V\u00e9losR\u00e9cup\u00e9r\u00e9sLD\" width=\"327\" height=\"245\" \/><\/a><\/p>\n<p style=\"text-align: justify;\">L\u2019inauguration officielle aura lieu le samedi 21 mars.<\/p>\n<p>\u00a0<a href=\"http:\/\/www.arpeije.fr\/\"><img loading=\"lazy\" decoding=\"async\" class=\"alignnone wp-image-28488 size-full\" src=\"http:\/\/clamart-citoyenne.fr\/wp-content\/uploads\/2015\/02\/ARPEIJE.png\" alt=\"ARPEIJE\" width=\"172\" height=\"175\" \/><\/a><a href=\"http:\/\/www.derailleursdeclamart.fr\"><img loading=\"lazy\" decoding=\"async\" class=\" wp-image-28489 size-medium alignnone\" src=\"http:\/\/clamart-citoyenne.fr\/wp-content\/uploads\/2015\/02\/D\u00e9railleurs-de-Clamart-300x75.png\" alt=\"D\u00e9railleurs de Clamart\" width=\"300\" height=\"75\" srcset=\"https:\/\/clamart-citoyenne.fr\/wp-content\/uploads\/2015\/02\/D\u00e9railleurs-de-Clamart-300x75.png 300w, https:\/\/clamart-citoyenne.fr\/wp-content\/uploads\/2015\/02\/D\u00e9railleurs-de-Clamart.png 960w\" sizes=\"auto, (max-width: 300px) 100vw, 300px\" \/><\/a><\/p>\n\n<div class=\"twitter-share\"><a href=\"https:\/\/twitter.com\/intent\/tweet?via=clamartcitoy\" class=\"twitter-share-button\">Tweet<\/a><\/div>\n","protected":false},"excerpt":{"rendered":"<p>Le Rayon Vert est un atelier de r\u00e9insertion professionnel ax\u00e9 sur le v\u00e9lo. Ce chantier d&rsquo;insertion a vu le jour \u00e0 l&rsquo;initiative de l&rsquo;association ARPEIJE, qui s&rsquo;est appuy\u00e9e sur l&rsquo;association clamartoise incontournable pour tout ce qui touche au v\u00e9lo : les D\u00e9railleurs de Clamart. Patrick Delavier nous pr\u00e9sente le Rayon Vert Ouvert pour la premi\u00e8re&#8230;<\/p>\n","protected":false},"author":1,"featured_media":0,"comment_status":"open","ping_status":"open","sticky":false,"template":"","format":"standard","meta":{"advgb_blocks_editor_width":"","advgb_blocks_columns_visual_guide":"","_kad_post_transparent":"","_kad_post_title":"","_kad_post_layout":"","_kad_post_sidebar_id":"","_kad_post_content_style":"","_kad_post_vertical_padding":"","_kad_post_feature":"","_kad_post_feature_position":"","_kad_post_header":false,"_kad_post_footer":false,"_kad_post_classname":"","jetpack_post_was_ever_published":false,"_jetpack_newsletter_access":"","_jetpack_dont_email_post_to_subs":false,"_jetpack_newsletter_tier_id":0,"_jetpack_memberships_contains_paywalled_content":false,"_jetpack_memberships_contains_paid_content":false,"footnotes":"","jetpack_publicize_message":"","jetpack_publicize_feature_enabled":true,"jetpack_social_post_already_shared":false,"jetpack_social_options":{"image_generator_settings":{"template":"highway","default_image_id":0,"font":"","enabled":false},"version":2}},"categories":[1],"tags":[107,108,16,109,110,85],"class_list":["post-28486","post","type-post","status-publish","format-standard","hentry","category-uncategorized","tag-arpeije","tag-derailleurs","tag-ecologie","tag-insertion","tag-rayon-vert","tag-velo"],"author_meta":{"display_name":"CCadminWP","author_link":"https:\/\/clamart-citoyenne.fr\/?author=1"},"featured_img":null,"jetpack_publicize_connections":[],"jetpack_featured_media_url":"","coauthors":[],"tax_additional":{"categories":{"linked":["<a href=\"https:\/\/clamart-citoyenne.fr\/?cat=1\" class=\"advgb-post-tax-term\">Uncategorized<\/a>"],"unlinked":["<span class=\"advgb-post-tax-term\">Uncategorized<\/span>"]},"tags":{"linked":["<a href=\"https:\/\/clamart-citoyenne.fr\/?cat=1\" class=\"advgb-post-tax-term\">Arpeije<\/a>","<a href=\"https:\/\/clamart-citoyenne.fr\/?cat=1\" class=\"advgb-post-tax-term\">D\u00e9railleurs<\/a>","<a href=\"https:\/\/clamart-citoyenne.fr\/?cat=1\" class=\"advgb-post-tax-term\">\u00c9cologie<\/a>","<a href=\"https:\/\/clamart-citoyenne.fr\/?cat=1\" class=\"advgb-post-tax-term\">insertion<\/a>","<a href=\"https:\/\/clamart-citoyenne.fr\/?cat=1\" class=\"advgb-post-tax-term\">Rayon Vert<\/a>","<a href=\"https:\/\/clamart-citoyenne.fr\/?cat=1\" class=\"advgb-post-tax-term\">V\u00e9lo<\/a>"],"unlinked":["<span class=\"advgb-post-tax-term\">Arpeije<\/span>","<span class=\"advgb-post-tax-term\">D\u00e9railleurs<\/span>","<span class=\"advgb-post-tax-term\">\u00c9cologie<\/span>","<span class=\"advgb-post-tax-term\">insertion<\/span>","<span class=\"advgb-post-tax-term\">Rayon Vert<\/span>","<span class=\"advgb-post-tax-term\">V\u00e9lo<\/span>"]}},"comment_count":"2","relative_dates":{"created":"Publi\u00e9 11 ans il y a","modified":"Mis \u00e0 jour 11 ans il y a"},"absolute_dates":{"created":"Publi\u00e9 le 20\/02\/2015","modified":"Mise \u00e0 jour le 20\/02\/2015"},"absolute_dates_time":{"created":"Publi\u00e9 le 20\/02\/2015 19:26","modified":"Mise \u00e0 jour le 20\/02\/2015 19:26"},"featured_img_caption":"","series_order":"","jetpack_sharing_enabled":true,"jetpack_shortlink":"https:\/\/wp.me\/p7cbn9-7ps","jetpack_likes_enabled":true,"_links":{"self":[{"href":"https:\/\/clamart-citoyenne.fr\/index.php?rest_route=\/wp\/v2\/posts\/28486","targetHints":{"allow":["GET"]}}],"collection":[{"href":"https:\/\/clamart-citoyenne.fr\/index.php?rest_route=\/wp\/v2\/posts"}],"about":[{"href":"https:\/\/clamart-citoyenne.fr\/index.php?rest_route=\/wp\/v2\/types\/post"}],"author":[{"embeddable":true,"href":"https:\/\/clamart-citoyenne.fr\/index.php?rest_route=\/wp\/v2\/users\/1"}],"replies":[{"embeddable":true,"href":"https:\/\/clamart-citoyenne.fr\/index.php?rest_route=%2Fwp%2Fv2%2Fcomments&post=28486"}],"version-history":[{"count":3,"href":"https:\/\/clamart-citoyenne.fr\/index.php?rest_route=\/wp\/v2\/posts\/28486\/revisions"}],"predecessor-version":[{"id":28500,"href":"https:\/\/clamart-citoyenne.fr\/index.php?rest_route=\/wp\/v2\/posts\/28486\/revisions\/28500"}],"wp:attachment":[{"href":"https:\/\/clamart-citoyenne.fr\/index.php?rest_route=%2Fwp%2Fv2%2Fmedia&parent=28486"}],"wp:term":[{"taxonomy":"category","embeddable":true,"href":"https:\/\/clamart-citoyenne.fr\/index.php?rest_route=%2Fwp%2Fv2%2Fcategories&post=28486"},{"taxonomy":"post_tag","embeddable":true,"href":"https:\/\/clamart-citoyenne.fr\/index.php?rest_route=%2Fwp%2Fv2%2Ftags&post=28486"}],"curies":[{"name":"wp","href":"https:\/\/api.w.org\/{rel}","templated":true}]}}