{"id":28952,"date":"2015-12-02T09:21:42","date_gmt":"2015-12-02T09:21:42","guid":{"rendered":"http:\/\/clamart-citoyenne.fr\/?p=28952"},"modified":"2024-10-02T09:58:59","modified_gmt":"2024-10-02T07:58:59","slug":"nous-sommes-sous-le-choc","status":"publish","type":"post","link":"https:\/\/clamart-citoyenne.fr\/?p=28952","title":{"rendered":"Nous sommes sous le choc"},"content":{"rendered":"<p style=\"text-align: justify;\"><strong><em>(Tribune <\/em><\/strong><strong><em><span style=\"color: #0066cc;\">Site de la mairie<\/span><\/em><\/strong><strong><em>,\u00a0Clamart-infos n\u00b0144\u00a0d\u00e9cembre 2015)<\/em><\/strong><\/p>\n<p style=\"text-align: justify;\">Au moment d\u2019envoyer notre tribune, nous apprenons les monstrueux attentats \u00e0 Paris.<\/p>\n<p style=\"text-align: justify;\">Nous voulions <em>parler<\/em> de la place de la gare, <em>dire<\/em> combien nous voulions nous opposer \u00e0 sa vente. Avec des mots, nous voulions communiquer, expliquer, r\u00e9agir pour notre futur. Avec des mots. Des mots.<\/p>\n<p style=\"text-align: justify;\">Ce vendredi\u00a013\u00a0novembre, des assassins se sont exprim\u00e9s avec les armes, aveugl\u00e9ment, massivement.<\/p>\n<p style=\"text-align: justify;\">Et l\u00e0, les mots nous manquent. Comment peut-on en arriver l\u00e0\u00a0?<\/p>\n<p style=\"text-align: justify;\">Notre monde ne tourne d\u00e9cid\u00e9ment pas rond. La menace devient terrifiante, pour tout\u00a0: notre Terre, notre sant\u00e9, notre soci\u00e9t\u00e9, d\u00e9sormais notre libert\u00e9.<\/p>\n<p style=\"text-align: justify;\">Nous tenons \u00e0 exprimer notre admiration pour les \u00e9quipes m\u00e9dicales et de s\u00e9curit\u00e9, et surtout, toute notre compassion pour les proches de toutes les victimes et pour tous les bless\u00e9s de ce terrible vendredi.<\/p>\n<p style=\"text-align: justify;\"><em>P. Carrive<\/em><\/p>\n\n<div class=\"twitter-share\"><a href=\"https:\/\/twitter.com\/intent\/tweet?via=clamartcitoy\" class=\"twitter-share-button\">Tweet<\/a><\/div>\n","protected":false},"excerpt":{"rendered":"<p>(Tribune Site de la mairie,\u00a0Clamart-infos n\u00b0144\u00a0d\u00e9cembre 2015) Au moment d\u2019envoyer notre tribune, nous apprenons les monstrueux attentats \u00e0 Paris. Nous voulions parler de la place de la gare, dire combien nous voulions nous opposer \u00e0 sa vente. Avec des mots, nous voulions communiquer, expliquer, r\u00e9agir pour notre futur. Avec des mots. Des mots. Ce vendredi\u00a013\u00a0novembre,&#8230;<\/p>\n","protected":false},"author":1,"featured_media":0,"comment_status":"open","ping_status":"open","sticky":false,"template":"","format":"standard","meta":{"advgb_blocks_editor_width":"","advgb_blocks_columns_visual_guide":"","_kad_post_transparent":"","_kad_post_title":"","_kad_post_layout":"","_kad_post_sidebar_id":"","_kad_post_content_style":"","_kad_post_vertical_padding":"","_kad_post_feature":"","_kad_post_feature_position":"","_kad_post_header":false,"_kad_post_footer":false,"_kad_post_classname":"","jetpack_post_was_ever_published":false,"_jetpack_newsletter_access":"","_jetpack_dont_email_post_to_subs":false,"_jetpack_newsletter_tier_id":0,"_jetpack_memberships_contains_paywalled_content":false,"_jetpack_memberships_contains_paid_content":false,"footnotes":"","jetpack_publicize_message":"","jetpack_publicize_feature_enabled":true,"jetpack_social_post_already_shared":false,"jetpack_social_options":{"image_generator_settings":{"template":"highway","default_image_id":0,"font":"","enabled":false},"version":2}},"categories":[1],"tags":[271,270,15,25,66],"class_list":["post-28952","post","type-post","status-publish","format-standard","hentry","category-uncategorized","tag-attentats","tag-liberte","tag-securite","tag-solidarite","tag-tribune"],"author_meta":{"display_name":"CCadminWP","author_link":"https:\/\/clamart-citoyenne.fr\/?author=1"},"featured_img":null,"jetpack_publicize_connections":[],"jetpack_featured_media_url":"","coauthors":[],"tax_additional":{"categories":{"linked":["<a href=\"https:\/\/clamart-citoyenne.fr\/?cat=1\" class=\"advgb-post-tax-term\">Uncategorized<\/a>"],"unlinked":["<span class=\"advgb-post-tax-term\">Uncategorized<\/span>"]},"tags":{"linked":["<a href=\"https:\/\/clamart-citoyenne.fr\/?cat=1\" class=\"advgb-post-tax-term\">attentats<\/a>","<a href=\"https:\/\/clamart-citoyenne.fr\/?cat=1\" class=\"advgb-post-tax-term\">libert\u00e9<\/a>","<a href=\"https:\/\/clamart-citoyenne.fr\/?cat=1\" class=\"advgb-post-tax-term\">S\u00e9curit\u00e9<\/a>","<a href=\"https:\/\/clamart-citoyenne.fr\/?cat=1\" class=\"advgb-post-tax-term\">Solidarit\u00e9<\/a>","<a href=\"https:\/\/clamart-citoyenne.fr\/?cat=1\" class=\"advgb-post-tax-term\">Tribune<\/a>"],"unlinked":["<span class=\"advgb-post-tax-term\">attentats<\/span>","<span class=\"advgb-post-tax-term\">libert\u00e9<\/span>","<span class=\"advgb-post-tax-term\">S\u00e9curit\u00e9<\/span>","<span class=\"advgb-post-tax-term\">Solidarit\u00e9<\/span>","<span class=\"advgb-post-tax-term\">Tribune<\/span>"]}},"comment_count":"1","relative_dates":{"created":"Publi\u00e9 11 ans il y a","modified":"Mis \u00e0 jour 2 ans il y a"},"absolute_dates":{"created":"Publi\u00e9 le 02\/12\/2015","modified":"Mise \u00e0 jour le 02\/10\/2024"},"absolute_dates_time":{"created":"Publi\u00e9 le 02\/12\/2015 09:21","modified":"Mise \u00e0 jour le 02\/10\/2024 09:58"},"featured_img_caption":"","series_order":"","jetpack_sharing_enabled":true,"jetpack_shortlink":"https:\/\/wp.me\/p7cbn9-7wY","jetpack_likes_enabled":true,"_links":{"self":[{"href":"https:\/\/clamart-citoyenne.fr\/index.php?rest_route=\/wp\/v2\/posts\/28952","targetHints":{"allow":["GET"]}}],"collection":[{"href":"https:\/\/clamart-citoyenne.fr\/index.php?rest_route=\/wp\/v2\/posts"}],"about":[{"href":"https:\/\/clamart-citoyenne.fr\/index.php?rest_route=\/wp\/v2\/types\/post"}],"author":[{"embeddable":true,"href":"https:\/\/clamart-citoyenne.fr\/index.php?rest_route=\/wp\/v2\/users\/1"}],"replies":[{"embeddable":true,"href":"https:\/\/clamart-citoyenne.fr\/index.php?rest_route=%2Fwp%2Fv2%2Fcomments&post=28952"}],"version-history":[{"count":4,"href":"https:\/\/clamart-citoyenne.fr\/index.php?rest_route=\/wp\/v2\/posts\/28952\/revisions"}],"predecessor-version":[{"id":34300,"href":"https:\/\/clamart-citoyenne.fr\/index.php?rest_route=\/wp\/v2\/posts\/28952\/revisions\/34300"}],"wp:attachment":[{"href":"https:\/\/clamart-citoyenne.fr\/index.php?rest_route=%2Fwp%2Fv2%2Fmedia&parent=28952"}],"wp:term":[{"taxonomy":"category","embeddable":true,"href":"https:\/\/clamart-citoyenne.fr\/index.php?rest_route=%2Fwp%2Fv2%2Fcategories&post=28952"},{"taxonomy":"post_tag","embeddable":true,"href":"https:\/\/clamart-citoyenne.fr\/index.php?rest_route=%2Fwp%2Fv2%2Ftags&post=28952"}],"curies":[{"name":"wp","href":"https:\/\/api.w.org\/{rel}","templated":true}]}}