{"id":29089,"date":"2016-03-28T19:04:56","date_gmt":"2016-03-28T18:04:56","guid":{"rendered":"http:\/\/clamart-citoyenne.fr\/?p=29089"},"modified":"2016-04-07T09:19:54","modified_gmt":"2016-04-07T08:19:54","slug":"le-lettre-de-cc-n3-mars-2016","status":"publish","type":"post","link":"https:\/\/clamart-citoyenne.fr\/?p=29089","title":{"rendered":"La Lettre de CC &#8211; N\u00b03 Mars 2016"},"content":{"rendered":"<p style=\"text-align: justify;\" align=\"LEFT\">L\u2019ann\u00e9e 2016 commence fort pour la classe politique fran\u00e7aise. Des id\u00e9es innovantes pour sortir de l\u2019aust\u00e9rit\u00e9 ? Non. Des d\u00e9bats constructifs sur la vision de notre soci\u00e9t\u00e9 ? Non plus ! Elle s\u2019affiche plut\u00f4t dans des affaires judiciaires qui illustrent son m\u00e9pris du droit et des \u00e9lecteurs&#8230;<\/p>\n<p style=\"text-align: justify;\" align=\"LEFT\">La mise en examen de l\u2019ancien Pr\u00e9sident de la R\u00e9publique, le report du jugement Cahuzac, les feuilletons Balkany ou Ceccaldi-Raynaud, les condamnations de l\u2019ancien maire de Clamart et de celui du Plessis Robinson, d\u00e9montrent la n\u00e9cessit\u00e9 de mettre en place un contr\u00f4le citoyen de la vie politique, d\u2019exiger de nos \u00e9lus des engagements de transparence et de leur demander des comptes lorsque, par exemple, ils renoncent en d\u00e9cembre dernier, \u00e0 voter un projet de loi permettant de lutter contre l\u2019 \u00aboptimisation fiscale\u00bb&#8230;<\/p>\n<p style=\"text-align: justify;\" align=\"LEFT\"><a href=\"http:\/\/clamart-citoyenne.fr\/wp-content\/uploads\/2016\/03\/Lettre-de-CC-n\u00b03.pdf\"><strong><img loading=\"lazy\" decoding=\"async\" class=\"aligncenter wp-image-29092 size-medium\" src=\"http:\/\/clamart-citoyenne.fr\/wp-content\/uploads\/2016\/03\/Lettre-de-CC-n\u00b03-212x300.jpg\" alt=\"Lettre de CC n\u00b03\" width=\"212\" height=\"300\" srcset=\"https:\/\/clamart-citoyenne.fr\/wp-content\/uploads\/2016\/03\/Lettre-de-CC-n\u00b03-212x300.jpg 212w, https:\/\/clamart-citoyenne.fr\/wp-content\/uploads\/2016\/03\/Lettre-de-CC-n\u00b03.jpg 716w\" sizes=\"auto, (max-width: 212px) 100vw, 212px\" \/><\/strong><\/a><\/p>\n\n<div class=\"twitter-share\"><a href=\"https:\/\/twitter.com\/intent\/tweet?via=clamartcitoy\" class=\"twitter-share-button\">Tweet<\/a><\/div>\n","protected":false},"excerpt":{"rendered":"<p>L\u2019ann\u00e9e 2016 commence fort pour la classe politique fran\u00e7aise. Des id\u00e9es innovantes pour sortir de l\u2019aust\u00e9rit\u00e9 ? Non. Des d\u00e9bats constructifs sur la vision de notre soci\u00e9t\u00e9 ? Non plus ! Elle s\u2019affiche plut\u00f4t dans des affaires judiciaires qui illustrent son m\u00e9pris du droit et des \u00e9lecteurs&#8230; La mise en examen de l\u2019ancien Pr\u00e9sident de&#8230;<\/p>\n","protected":false},"author":1,"featured_media":0,"comment_status":"open","ping_status":"open","sticky":false,"template":"","format":"standard","meta":{"advgb_blocks_editor_width":"","advgb_blocks_columns_visual_guide":"","_kad_post_transparent":"","_kad_post_title":"","_kad_post_layout":"","_kad_post_sidebar_id":"","_kad_post_content_style":"","_kad_post_vertical_padding":"","_kad_post_feature":"","_kad_post_feature_position":"","_kad_post_header":false,"_kad_post_footer":false,"_kad_post_classname":"","jetpack_post_was_ever_published":false,"_jetpack_newsletter_access":"","_jetpack_dont_email_post_to_subs":false,"_jetpack_newsletter_tier_id":0,"_jetpack_memberships_contains_paywalled_content":false,"_jetpack_memberships_contains_paid_content":false,"footnotes":"","jetpack_publicize_message":"","jetpack_publicize_feature_enabled":true,"jetpack_social_post_already_shared":true,"jetpack_social_options":{"image_generator_settings":{"template":"highway","default_image_id":0,"font":"","enabled":false},"version":2}},"categories":[1],"tags":[138,287,116,285,190,174,69,23,291,262,310,264,263,68],"class_list":["post-29089","post","type-post","status-publish","format-standard","hentry","category-uncategorized","tag-3f","tag-associations","tag-atsem","tag-biologique","tag-cantine","tag-echelle-de-soie","tag-ecole","tag-ethique","tag-hunebelle","tag-immobilier","tag-nap","tag-parenthese","tag-piscine","tag-plu"],"author_meta":{"display_name":"CCadminWP","author_link":"https:\/\/clamart-citoyenne.fr\/?author=1"},"featured_img":null,"jetpack_publicize_connections":[],"jetpack_featured_media_url":"","coauthors":[],"tax_additional":{"categories":{"linked":["<a href=\"https:\/\/clamart-citoyenne.fr\/?cat=1\" class=\"advgb-post-tax-term\">Uncategorized<\/a>"],"unlinked":["<span class=\"advgb-post-tax-term\">Uncategorized<\/span>"]},"tags":{"linked":["<a href=\"https:\/\/clamart-citoyenne.fr\/?cat=1\" class=\"advgb-post-tax-term\">3F<\/a>","<a href=\"https:\/\/clamart-citoyenne.fr\/?cat=1\" class=\"advgb-post-tax-term\">Associations<\/a>","<a href=\"https:\/\/clamart-citoyenne.fr\/?cat=1\" class=\"advgb-post-tax-term\">ATSEM<\/a>","<a href=\"https:\/\/clamart-citoyenne.fr\/?cat=1\" class=\"advgb-post-tax-term\">Biologique<\/a>","<a href=\"https:\/\/clamart-citoyenne.fr\/?cat=1\" class=\"advgb-post-tax-term\">Cantine<\/a>","<a href=\"https:\/\/clamart-citoyenne.fr\/?cat=1\" class=\"advgb-post-tax-term\">Echelle de soie<\/a>","<a href=\"https:\/\/clamart-citoyenne.fr\/?cat=1\" class=\"advgb-post-tax-term\">Ecole<\/a>","<a href=\"https:\/\/clamart-citoyenne.fr\/?cat=1\" class=\"advgb-post-tax-term\">\u00c9thique<\/a>","<a href=\"https:\/\/clamart-citoyenne.fr\/?cat=1\" class=\"advgb-post-tax-term\">Hunebelle<\/a>","<a href=\"https:\/\/clamart-citoyenne.fr\/?cat=1\" class=\"advgb-post-tax-term\">Immobilier<\/a>","<a href=\"https:\/\/clamart-citoyenne.fr\/?cat=1\" class=\"advgb-post-tax-term\">NAP<\/a>","<a href=\"https:\/\/clamart-citoyenne.fr\/?cat=1\" class=\"advgb-post-tax-term\">Parenth\u00e8se<\/a>","<a href=\"https:\/\/clamart-citoyenne.fr\/?cat=1\" class=\"advgb-post-tax-term\">Piscine<\/a>","<a href=\"https:\/\/clamart-citoyenne.fr\/?cat=1\" class=\"advgb-post-tax-term\">PLU<\/a>"],"unlinked":["<span class=\"advgb-post-tax-term\">3F<\/span>","<span class=\"advgb-post-tax-term\">Associations<\/span>","<span class=\"advgb-post-tax-term\">ATSEM<\/span>","<span class=\"advgb-post-tax-term\">Biologique<\/span>","<span class=\"advgb-post-tax-term\">Cantine<\/span>","<span class=\"advgb-post-tax-term\">Echelle de soie<\/span>","<span class=\"advgb-post-tax-term\">Ecole<\/span>","<span class=\"advgb-post-tax-term\">\u00c9thique<\/span>","<span class=\"advgb-post-tax-term\">Hunebelle<\/span>","<span class=\"advgb-post-tax-term\">Immobilier<\/span>","<span class=\"advgb-post-tax-term\">NAP<\/span>","<span class=\"advgb-post-tax-term\">Parenth\u00e8se<\/span>","<span class=\"advgb-post-tax-term\">Piscine<\/span>","<span class=\"advgb-post-tax-term\">PLU<\/span>"]}},"comment_count":"1","relative_dates":{"created":"Publi\u00e9 10 ans il y a","modified":"Mis \u00e0 jour 10 ans il y a"},"absolute_dates":{"created":"Publi\u00e9 le 28\/03\/2016","modified":"Mise \u00e0 jour le 07\/04\/2016"},"absolute_dates_time":{"created":"Publi\u00e9 le 28\/03\/2016 19:04","modified":"Mise \u00e0 jour le 07\/04\/2016 09:19"},"featured_img_caption":"","series_order":"","jetpack_sharing_enabled":true,"jetpack_shortlink":"https:\/\/wp.me\/p7cbn9-7zb","jetpack_likes_enabled":true,"_links":{"self":[{"href":"https:\/\/clamart-citoyenne.fr\/index.php?rest_route=\/wp\/v2\/posts\/29089","targetHints":{"allow":["GET"]}}],"collection":[{"href":"https:\/\/clamart-citoyenne.fr\/index.php?rest_route=\/wp\/v2\/posts"}],"about":[{"href":"https:\/\/clamart-citoyenne.fr\/index.php?rest_route=\/wp\/v2\/types\/post"}],"author":[{"embeddable":true,"href":"https:\/\/clamart-citoyenne.fr\/index.php?rest_route=\/wp\/v2\/users\/1"}],"replies":[{"embeddable":true,"href":"https:\/\/clamart-citoyenne.fr\/index.php?rest_route=%2Fwp%2Fv2%2Fcomments&post=29089"}],"version-history":[{"count":13,"href":"https:\/\/clamart-citoyenne.fr\/index.php?rest_route=\/wp\/v2\/posts\/29089\/revisions"}],"predecessor-version":[{"id":29114,"href":"https:\/\/clamart-citoyenne.fr\/index.php?rest_route=\/wp\/v2\/posts\/29089\/revisions\/29114"}],"wp:attachment":[{"href":"https:\/\/clamart-citoyenne.fr\/index.php?rest_route=%2Fwp%2Fv2%2Fmedia&parent=29089"}],"wp:term":[{"taxonomy":"category","embeddable":true,"href":"https:\/\/clamart-citoyenne.fr\/index.php?rest_route=%2Fwp%2Fv2%2Fcategories&post=29089"},{"taxonomy":"post_tag","embeddable":true,"href":"https:\/\/clamart-citoyenne.fr\/index.php?rest_route=%2Fwp%2Fv2%2Ftags&post=29089"}],"curies":[{"name":"wp","href":"https:\/\/api.w.org\/{rel}","templated":true}]}}