{"id":30172,"date":"2019-02-09T16:15:55","date_gmt":"2019-02-09T15:15:55","guid":{"rendered":"http:\/\/clamart-citoyenne.fr\/?p=30172"},"modified":"2019-02-09T16:16:02","modified_gmt":"2019-02-09T15:16:02","slug":"rencontre-citoyenne-grand-debat","status":"publish","type":"post","link":"https:\/\/clamart-citoyenne.fr\/?p=30172","title":{"rendered":"Rencontre Citoyenne &#8211; Grand D\u00e9bat"},"content":{"rendered":"\n<p>Clamart Citoyenne, association locale promouvant la d\u00e9mocratie, la solidarit\u00e9 et l\u2019\u00e9cologie, soutenant l\u2019initiative des Gilets Jaunes (dont nous partageons de nombreuses revendications), a d\u00e9cid\u00e9 d\u2019organiser une r\u00e9union publique du \u00ab\u00a0Grand d\u00e9bat\u00a0\u00bb qui devrait notamment traiter des 4 th\u00e8mes initialement propos\u00e9s dans le cadre de ce d\u00e9bat mais \u00e9galement des \u00ab\u00a0R\u00e9formes \u00e9conomiques et sociales\u00a0\u00bb (pouvoir d\u2019achat,\u00a0 salaires, retraites, r\u00e9partition des richesses) et de tout autre sujet qui pourrait \u00eatre \u00e9voqu\u00e9<\/p>\n\n\n\n<p> Il s\u2019agira, pour toutes celles et tous ceux qui viendront, de d\u00e9battre et proposer. Il n\u2019y aura pas de \u00ab\u00a0r\u00e9ponses\u00a0\u00bb des experts, sp\u00e9cialistes, \u00e9lu.e.s ou militant.e.s. Les propositions et commentaires seront transmis en int\u00e9gralit\u00e9 au \u00ab\u00a0Grand d\u00e9bat\u00a0\u00bb, aucun processus de \u00ab\u00a0relecture pour une synth\u00e8se\u00a0\u00bb ne sera effectu\u00e9.<\/p>\n\n\n\n<p><strong>Cette r\u00e9union aura lieu le lundi 18 f\u00e9vrier \u00e0 20H30<\/strong><br><strong>(salle Bleue de la Maison des Sports, place Hunebelle)<\/strong> <strong> <\/strong><\/p>\n\n\n\n<p><em>Clamart Citoyenne<\/em><\/p>\n\n\n\n<figure class=\"wp-block-image is-resized\"><img loading=\"lazy\" decoding=\"async\" src=\"http:\/\/clamart-citoyenne.fr\/wp-content\/uploads\/2018\/09\/cc.png\" alt=\"\" class=\"wp-image-29985\" width=\"213\" height=\"108\" srcset=\"https:\/\/clamart-citoyenne.fr\/wp-content\/uploads\/2018\/09\/cc.png 604w, https:\/\/clamart-citoyenne.fr\/wp-content\/uploads\/2018\/09\/cc-300x154.png 300w\" sizes=\"auto, (max-width: 213px) 100vw, 213px\" \/><\/figure>\n\n\n\n<p><em>Clamart Citoyenne est un\nrassemblement de citoyennes et citoyens, d\u2019associations et de partis, cr\u00e9\u00e9 en\n2014 pour proposer une alternative \u00e9thique, sociale et \u00e9cologiste aux pratiques\nde P. Kaltenbach et au programme de JD. Berger.<\/em><\/p>\n\n\n\n<p><em>Nous sommes une association\nlocale, \u00e9cologiste et de gauche, o\u00f9 se c\u00f4toient des cultures politiques\ndiverses. En liaison avec le r\u00e9seau associatif, relay\u00e9s par nos \u00e9lus au conseil\nmunicipal, nous souhaitons susciter l\u2019int\u00e9r\u00eat et la participation des\nClamartois.es \u00e0 tous les aspects de la vie dans la cit\u00e9.<\/em><\/p>\n\n\n\n<p><a href=\"https:\/\/twitter.com\/clamartcitoy\">twitter.com\/clamartcitoy<\/a><br><br><a href=\"https:\/\/www.facebook.com\/ClamartCitoyenne\/\"> facebook.com\/ClamartCitoyenne<\/a> <\/p>\n\n\n\n<p><\/p>\n\n\n\n<p><br><\/p>\n\n<div class=\"twitter-share\"><a href=\"https:\/\/twitter.com\/intent\/tweet?via=clamartcitoy\" class=\"twitter-share-button\">Tweet<\/a><\/div>\n","protected":false},"excerpt":{"rendered":"<p>Clamart Citoyenne, association locale promouvant la d\u00e9mocratie, la solidarit\u00e9 et l\u2019\u00e9cologie, soutenant l\u2019initiative des Gilets Jaunes (dont nous partageons de nombreuses revendications), a d\u00e9cid\u00e9 d\u2019organiser une r\u00e9union publique du \u00ab\u00a0Grand d\u00e9bat\u00a0\u00bb qui devrait notamment traiter des 4 th\u00e8mes initialement propos\u00e9s dans le cadre de ce d\u00e9bat mais \u00e9galement des \u00ab\u00a0R\u00e9formes \u00e9conomiques et sociales\u00a0\u00bb (pouvoir d\u2019achat,\u00a0&#8230;<\/p>\n","protected":false},"author":1,"featured_media":0,"comment_status":"open","ping_status":"open","sticky":false,"template":"","format":"standard","meta":{"advgb_blocks_editor_width":"","advgb_blocks_columns_visual_guide":"","_kad_post_transparent":"","_kad_post_title":"","_kad_post_layout":"","_kad_post_sidebar_id":"","_kad_post_content_style":"","_kad_post_vertical_padding":"","_kad_post_feature":"","_kad_post_feature_position":"","_kad_post_header":false,"_kad_post_footer":false,"_kad_post_classname":"","jetpack_post_was_ever_published":false,"_jetpack_newsletter_access":"","_jetpack_dont_email_post_to_subs":false,"_jetpack_newsletter_tier_id":0,"_jetpack_memberships_contains_paywalled_content":false,"_jetpack_memberships_contains_paid_content":false,"footnotes":"","jetpack_publicize_message":"","jetpack_publicize_feature_enabled":true,"jetpack_social_post_already_shared":true,"jetpack_social_options":{"image_generator_settings":{"template":"highway","default_image_id":0,"font":"","enabled":false},"version":2}},"categories":[1],"tags":[509,492,507,508],"class_list":["post-30172","post","type-post","status-publish","format-standard","hentry","category-uncategorized","tag-doleances","tag-gilets-jaunes","tag-grand-debat","tag-reunion-citoyenne"],"author_meta":{"display_name":"CCadminWP","author_link":"https:\/\/clamart-citoyenne.fr\/?author=1"},"featured_img":null,"jetpack_publicize_connections":[],"jetpack_featured_media_url":"","coauthors":[],"tax_additional":{"categories":{"linked":["<a href=\"https:\/\/clamart-citoyenne.fr\/?cat=1\" class=\"advgb-post-tax-term\">Uncategorized<\/a>"],"unlinked":["<span class=\"advgb-post-tax-term\">Uncategorized<\/span>"]},"tags":{"linked":["<a href=\"https:\/\/clamart-citoyenne.fr\/?cat=1\" class=\"advgb-post-tax-term\">Dol\u00e9ances<\/a>","<a href=\"https:\/\/clamart-citoyenne.fr\/?cat=1\" class=\"advgb-post-tax-term\">Gilets jaunes<\/a>","<a href=\"https:\/\/clamart-citoyenne.fr\/?cat=1\" class=\"advgb-post-tax-term\">Grand d\u00e9bat<\/a>","<a href=\"https:\/\/clamart-citoyenne.fr\/?cat=1\" class=\"advgb-post-tax-term\">R\u00e9union Citoyenne<\/a>"],"unlinked":["<span class=\"advgb-post-tax-term\">Dol\u00e9ances<\/span>","<span class=\"advgb-post-tax-term\">Gilets jaunes<\/span>","<span class=\"advgb-post-tax-term\">Grand d\u00e9bat<\/span>","<span class=\"advgb-post-tax-term\">R\u00e9union Citoyenne<\/span>"]}},"comment_count":"2","relative_dates":{"created":"Publi\u00e9 7 ans il y a","modified":"Mis \u00e0 jour 7 ans il y a"},"absolute_dates":{"created":"Publi\u00e9 le 09\/02\/2019","modified":"Mise \u00e0 jour le 09\/02\/2019"},"absolute_dates_time":{"created":"Publi\u00e9 le 09\/02\/2019 16:15","modified":"Mise \u00e0 jour le 09\/02\/2019 16:16"},"featured_img_caption":"","series_order":"","jetpack_sharing_enabled":true,"jetpack_shortlink":"https:\/\/wp.me\/p7cbn9-7QE","jetpack_likes_enabled":true,"_links":{"self":[{"href":"https:\/\/clamart-citoyenne.fr\/index.php?rest_route=\/wp\/v2\/posts\/30172","targetHints":{"allow":["GET"]}}],"collection":[{"href":"https:\/\/clamart-citoyenne.fr\/index.php?rest_route=\/wp\/v2\/posts"}],"about":[{"href":"https:\/\/clamart-citoyenne.fr\/index.php?rest_route=\/wp\/v2\/types\/post"}],"author":[{"embeddable":true,"href":"https:\/\/clamart-citoyenne.fr\/index.php?rest_route=\/wp\/v2\/users\/1"}],"replies":[{"embeddable":true,"href":"https:\/\/clamart-citoyenne.fr\/index.php?rest_route=%2Fwp%2Fv2%2Fcomments&post=30172"}],"version-history":[{"count":2,"href":"https:\/\/clamart-citoyenne.fr\/index.php?rest_route=\/wp\/v2\/posts\/30172\/revisions"}],"predecessor-version":[{"id":30174,"href":"https:\/\/clamart-citoyenne.fr\/index.php?rest_route=\/wp\/v2\/posts\/30172\/revisions\/30174"}],"wp:attachment":[{"href":"https:\/\/clamart-citoyenne.fr\/index.php?rest_route=%2Fwp%2Fv2%2Fmedia&parent=30172"}],"wp:term":[{"taxonomy":"category","embeddable":true,"href":"https:\/\/clamart-citoyenne.fr\/index.php?rest_route=%2Fwp%2Fv2%2Fcategories&post=30172"},{"taxonomy":"post_tag","embeddable":true,"href":"https:\/\/clamart-citoyenne.fr\/index.php?rest_route=%2Fwp%2Fv2%2Ftags&post=30172"}],"curies":[{"name":"wp","href":"https:\/\/api.w.org\/{rel}","templated":true}]}}