{"id":30210,"date":"2019-02-19T12:42:33","date_gmt":"2019-02-19T11:42:33","guid":{"rendered":"http:\/\/clamart-citoyenne.fr\/?p=30210"},"modified":"2020-12-16T10:25:33","modified_gmt":"2020-12-16T08:25:33","slug":"rencontre-citoyenne-grand-debat-suite","status":"publish","type":"post","link":"https:\/\/clamart-citoyenne.fr\/?p=30210","title":{"rendered":"Rencontre Citoyenne &#8211; Grand D\u00e9bat (suite)"},"content":{"rendered":"\r\n<p class=\"wp-block-paragraph\"><em>Clamart Citoyenne<\/em> est un rassemblement de citoyennes et citoyens, d\u2019associations et de partis, cr\u00e9\u00e9 en 2014 pour proposer une alternative \u00e9thique, sociale et \u00e9cologiste aux pratiques de P. Kaltenbach et au programme de J-D. Berger. Nous sommes une association locale o\u00f9 se c\u00f4toient des cultures politiques diverses. En liaison avec le r\u00e9seau associatif, relay\u00e9s par nos \u00e9lus au conseil municipal, nous souhaitons susciter l\u2019int\u00e9r\u00eat et la participation des Clamartois.es \u00e0 tous les aspects de la vie dans la cit\u00e9. C\u2019est donc tout naturellement que Clamart Citoyenne, soutenant l\u2019initiative des Gilets Jaunes (dont nous partageons de nombreuses revendications), a d\u00e9cid\u00e9 d\u2019organiser une r\u00e9union publique du \u00ab Grand d\u00e9bat \u00bb. <strong>R\u00e9union qui a eu lieu le lundi 18 f\u00e9vrier<\/strong>.<\/p>\r\n<p><a href=\"http:\/\/clamart-citoyenne.fr\/wp-content\/uploads\/2019\/02\/52384651_1058588764349424_1717378918534610944_o.jpg\"><img loading=\"lazy\" decoding=\"async\" class=\" wp-image-31376 aligncenter\" src=\"http:\/\/clamart-citoyenne.fr\/wp-content\/uploads\/2019\/02\/52384651_1058588764349424_1717378918534610944_o.jpg\" alt=\"\" width=\"508\" height=\"286\" srcset=\"https:\/\/clamart-citoyenne.fr\/wp-content\/uploads\/2019\/02\/52384651_1058588764349424_1717378918534610944_o.jpg 600w, https:\/\/clamart-citoyenne.fr\/wp-content\/uploads\/2019\/02\/52384651_1058588764349424_1717378918534610944_o-300x169.jpg 300w\" sizes=\"auto, (max-width: 508px) 100vw, 508px\" \/><\/a><\/p>\r\n<p>En ce qui concerne le \u00ab Grand D\u00e9bat \u00bb, nous pensons qu\u2019Emmanuel Macron tente simplement de reprendre en main un certain nombre d&rsquo;\u00e9v\u00e9nements qui se sont pass\u00e9s depuis plusieurs mois et qui continuent \u00e0 se passer. Le format qui nous est officiellement propos\u00e9 nous semble tr\u00e8s contraignant et nous consid\u00e9rons que l\u2019on ne peut pas se laisser enfermer dans ce sch\u00e9ma trop lourd, trop long, trop complexe compte tenu des moyens et des d\u00e9lais dont nous disposons.<\/p>\r\n<p><a href=\"http:\/\/clamart-citoyenne.fr\/wp-content\/uploads\/2019\/02\/Le-Grand-D\u00e9bat.jpg\"><img loading=\"lazy\" decoding=\"async\" class=\" wp-image-30262 alignnone\" src=\"http:\/\/clamart-citoyenne.fr\/wp-content\/uploads\/2019\/02\/Le-Grand-D\u00e9bat.jpg\" alt=\"\" width=\"613\" height=\"294\" srcset=\"https:\/\/clamart-citoyenne.fr\/wp-content\/uploads\/2019\/02\/Le-Grand-D\u00e9bat.jpg 1059w, https:\/\/clamart-citoyenne.fr\/wp-content\/uploads\/2019\/02\/Le-Grand-D\u00e9bat-300x144.jpg 300w, https:\/\/clamart-citoyenne.fr\/wp-content\/uploads\/2019\/02\/Le-Grand-D\u00e9bat-768x368.jpg 768w, https:\/\/clamart-citoyenne.fr\/wp-content\/uploads\/2019\/02\/Le-Grand-D\u00e9bat-1024x491.jpg 1024w\" sizes=\"auto, (max-width: 613px) 100vw, 613px\" \/><\/a><\/p>\r\n<p>Localement, le maire de Clamart a refus\u00e9 d\u2019organiser quelque d\u00e9bat que ce soit sur la commune et s&rsquo;est content\u00e9 d\u2019envoyer \u00e0 chaque Clamartois.es un questionnaire qu\u2019il compte retransmettre aux organisateurs du Grand D\u00e9bat. On notera au passage, \u00e0 l\u2019\u00e8re du num\u00e9rique et de \u00ab l\u2019open data \u00bb le caract\u00e8re inutilement couteux et anti \u00e9cologique de cette d\u00e9cision.<\/p>\r\n<p>Pour notre part nous pensons que les professionnels de la politique ne sont pas v\u00e9ritablement int\u00e9ress\u00e9s par ce d\u00e9bat, ils sont un peu pris de court. Ce qui les effraie c\u2019est de voir les simples citoyen.ne.s se rencontrer, dialoguer et prendre leur avenir en main. Devenir progressivement capables (comme le font les diverses associations) de peser sur le d\u00e9bat public et les processus de prise de d\u00e9cision qui les concernent. Ce n\u2019est d\u2019ailleurs pas par hasard que le maire de Clamart, comme beaucoup d\u2019autres maires, pr\u00e9f\u00e8re envoyer des questionnaires individuels que les gens remplissent seuls chez eux plut\u00f4t que d\u2019organiser de v\u00e9ritables r\u00e9unions publiques participatives.<\/p>\r\n<p>Nous avons donc d\u00e9cid\u00e9 de nous r\u00e9unir et de d\u00e9battre, de la fa\u00e7on la plus directe possible des probl\u00e8mes que nous rencontrons au quotidien, qu\u2019ils soient du niveau national ou local sans s&rsquo;astreindre au format propos\u00e9 ou aux \u00ab th\u00e8mes \u00bb trop lourdement sugg\u00e9r\u00e9s.<\/p>\r\n<p>Certes, nous ne croyons gu\u00e8re \u00e0 l\u2019utilisation qui sera faite de nos contributions mais nous pensons que ces r\u00e9unions o\u00f9 nous dialoguons et progressons ensembles sont l\u2019essence m\u00eame de la d\u00e9mocratie et c\u2019est pour cela que nous avons d\u00e9cid\u00e9 de rentrer malgr\u00e9 tout dans ce processus.<\/p>\r\n<p>Dans notre r\u00e9union, la r\u00e8gle du jeu a \u00e9t\u00e9 la libre expression des participants, la seule limite que nous nous sommes fix\u00e9e \u00e9tant celle de la loi. Aucune forme de \u00ab filtrage \u00bb de quelque nature que ce soit, pas de \u00ab r\u00e9ponses \u00bb d\u2019experts, de sp\u00e9cialistes, d\u2019\u00e9lu.e.s ou de militant.e.s&#8230;<\/p>\r\n<p>Un compte rendu aussi exhaustif \u00a0que possible (pas de filtrage ou de synth\u00e8se) a \u00e9t\u00e9 r\u00e9dig\u00e9 puis valid\u00e9 par les participants avant d&rsquo;\u00eatre mis en ligne (sur ce site) et transmis aux organisateurs du Grand D\u00e9bat.<\/p>\r\n<p>Pour l\u2019avenir, et \u00e0 la demande de nombreux participants, nous comptons organiser de nouvelles r\u00e9unions publiques sur les th\u00e8mes qui que vous souhaiteriez approfondir ou tout simplement d\u00e9battre en commun\u00a0!<\/p>\r\n<p>En attendant, vous pouvez nous joindre (ou nous rejoindre) via notre site <a href=\"http:\/\/clamart-citoyenne.fr\/\">clamart-citoyenne.fr<\/a> , voire nos comptes Facebook (<em>clamartcitoyenne<\/em>) et Twitter (<em>@clamartcitoy<\/em>), ou plus directement en contactant nos deux \u00e9lus au Conseil Municipal <a href=\"mailto:pierre.carrive@clamart-citoyenne.fr\">Pierre Carrive<\/a> et <a href=\"mailto:marc.boulkeroua@clamart-citoyenne.fr\">Marc Boulkeroua<\/a>.<\/p>\r\n<div class=\"wp-block-image\">\r\n<figure class=\"aligncenter is-resized\"><img loading=\"lazy\" decoding=\"async\" class=\"aligncenter\" src=\"https:\/\/pbs.twimg.com\/media\/Dzwbt-AW0AAagzT.jpg\" alt=\"\" width=\"444\" height=\"250\" \/><\/figure>\r\n<\/div>\r\n<p style=\"text-align: center;\"><br \/><em>Lundi 18 f\u00e9vrier, <a href=\"http:\/\/clamart-citoyenne.fr\/?p=30172\">Rencontre Citoyenne &#8211; Grand D\u00e9bat<\/a> : de nouvelles rencontres, une r\u00e9union conviviale, un \u00e9change d&rsquo;id\u00e9es enrichissant. Une exp\u00e9rience \u00e0 prolonger&#8230;<\/em><\/p>\r\n\r\n\r\n\r\n\r\n\r\n<p class=\"wp-block-paragraph\"><strong>Le Compte rendu :<\/strong><\/p>\r\n<p><a href=\"http:\/\/clamart-citoyenne.fr\/wp-content\/uploads\/2019\/02\/Soir\u00e9e-Grand-D\u00e9bat-Compte-rendu-v2.pdf\"><img loading=\"lazy\" decoding=\"async\" class=\"wp-image-30270 aligncenter\" src=\"http:\/\/clamart-citoyenne.fr\/wp-content\/uploads\/2019\/02\/Soir\u00e9e-Grand-D\u00e9bat-Compte-rendu-v2.jpg\" alt=\"\" width=\"338\" height=\"462\" srcset=\"https:\/\/clamart-citoyenne.fr\/wp-content\/uploads\/2019\/02\/Soir\u00e9e-Grand-D\u00e9bat-Compte-rendu-v2.jpg 645w, https:\/\/clamart-citoyenne.fr\/wp-content\/uploads\/2019\/02\/Soir\u00e9e-Grand-D\u00e9bat-Compte-rendu-v2-220x300.jpg 220w\" sizes=\"auto, (max-width: 338px) 100vw, 338px\" \/><\/a><\/p>\r\n\n<div class=\"twitter-share\"><a href=\"https:\/\/twitter.com\/intent\/tweet?via=clamartcitoy\" class=\"twitter-share-button\">Tweet<\/a><\/div>\n","protected":false},"excerpt":{"rendered":"<p>Clamart Citoyenne est un rassemblement de citoyennes et citoyens, d\u2019associations et de partis, cr\u00e9\u00e9 en 2014 pour proposer une alternative \u00e9thique, sociale et \u00e9cologiste aux pratiques de P. Kaltenbach et au programme de J-D. Berger. Nous sommes une association locale o\u00f9 se c\u00f4toient des cultures politiques diverses. En liaison avec le r\u00e9seau associatif, relay\u00e9s par&#8230;<\/p>\n","protected":false},"author":1,"featured_media":0,"comment_status":"open","ping_status":"open","sticky":false,"template":"","format":"standard","meta":{"advgb_blocks_editor_width":"","advgb_blocks_columns_visual_guide":"","_kad_post_transparent":"","_kad_post_title":"","_kad_post_layout":"","_kad_post_sidebar_id":"","_kad_post_content_style":"","_kad_post_vertical_padding":"","_kad_post_feature":"","_kad_post_feature_position":"","_kad_post_header":false,"_kad_post_footer":false,"_kad_post_classname":"","jetpack_post_was_ever_published":false,"_jetpack_newsletter_access":"","_jetpack_dont_email_post_to_subs":false,"_jetpack_newsletter_tier_id":0,"_jetpack_memberships_contains_paywalled_content":false,"_jetpack_memberships_contains_paid_content":false,"footnotes":"","jetpack_publicize_message":"","jetpack_publicize_feature_enabled":true,"jetpack_social_post_already_shared":true,"jetpack_social_options":{"image_generator_settings":{"template":"highway","default_image_id":0,"font":"","enabled":false},"version":2}},"categories":[1],"tags":[509,492,507,508],"class_list":["post-30210","post","type-post","status-publish","format-standard","hentry","category-uncategorized","tag-doleances","tag-gilets-jaunes","tag-grand-debat","tag-reunion-citoyenne"],"author_meta":{"display_name":"CCadminWP","author_link":"https:\/\/clamart-citoyenne.fr\/?author=1"},"featured_img":null,"jetpack_publicize_connections":[],"jetpack_featured_media_url":"","coauthors":[],"tax_additional":{"categories":{"linked":["<a href=\"https:\/\/clamart-citoyenne.fr\/?cat=1\" class=\"advgb-post-tax-term\">Uncategorized<\/a>"],"unlinked":["<span class=\"advgb-post-tax-term\">Uncategorized<\/span>"]},"tags":{"linked":["<a href=\"https:\/\/clamart-citoyenne.fr\/?cat=1\" class=\"advgb-post-tax-term\">Dol\u00e9ances<\/a>","<a href=\"https:\/\/clamart-citoyenne.fr\/?cat=1\" class=\"advgb-post-tax-term\">Gilets jaunes<\/a>","<a href=\"https:\/\/clamart-citoyenne.fr\/?cat=1\" class=\"advgb-post-tax-term\">Grand d\u00e9bat<\/a>","<a href=\"https:\/\/clamart-citoyenne.fr\/?cat=1\" class=\"advgb-post-tax-term\">R\u00e9union Citoyenne<\/a>"],"unlinked":["<span class=\"advgb-post-tax-term\">Dol\u00e9ances<\/span>","<span class=\"advgb-post-tax-term\">Gilets jaunes<\/span>","<span class=\"advgb-post-tax-term\">Grand d\u00e9bat<\/span>","<span class=\"advgb-post-tax-term\">R\u00e9union Citoyenne<\/span>"]}},"comment_count":"0","relative_dates":{"created":"Publi\u00e9 8 ans il y a","modified":"Mis \u00e0 jour 6 ans il y a"},"absolute_dates":{"created":"Publi\u00e9 le 19\/02\/2019","modified":"Mise \u00e0 jour le 16\/12\/2020"},"absolute_dates_time":{"created":"Publi\u00e9 le 19\/02\/2019 12:42","modified":"Mise \u00e0 jour le 16\/12\/2020 10:25"},"featured_img_caption":"","series_order":"","jetpack_sharing_enabled":true,"jetpack_shortlink":"https:\/\/wp.me\/p7cbn9-7Rg","jetpack_likes_enabled":true,"_links":{"self":[{"href":"https:\/\/clamart-citoyenne.fr\/index.php?rest_route=\/wp\/v2\/posts\/30210","targetHints":{"allow":["GET"]}}],"collection":[{"href":"https:\/\/clamart-citoyenne.fr\/index.php?rest_route=\/wp\/v2\/posts"}],"about":[{"href":"https:\/\/clamart-citoyenne.fr\/index.php?rest_route=\/wp\/v2\/types\/post"}],"author":[{"embeddable":true,"href":"https:\/\/clamart-citoyenne.fr\/index.php?rest_route=\/wp\/v2\/users\/1"}],"replies":[{"embeddable":true,"href":"https:\/\/clamart-citoyenne.fr\/index.php?rest_route=%2Fwp%2Fv2%2Fcomments&post=30210"}],"version-history":[{"count":7,"href":"https:\/\/clamart-citoyenne.fr\/index.php?rest_route=\/wp\/v2\/posts\/30210\/revisions"}],"predecessor-version":[{"id":31377,"href":"https:\/\/clamart-citoyenne.fr\/index.php?rest_route=\/wp\/v2\/posts\/30210\/revisions\/31377"}],"wp:attachment":[{"href":"https:\/\/clamart-citoyenne.fr\/index.php?rest_route=%2Fwp%2Fv2%2Fmedia&parent=30210"}],"wp:term":[{"taxonomy":"category","embeddable":true,"href":"https:\/\/clamart-citoyenne.fr\/index.php?rest_route=%2Fwp%2Fv2%2Fcategories&post=30210"},{"taxonomy":"post_tag","embeddable":true,"href":"https:\/\/clamart-citoyenne.fr\/index.php?rest_route=%2Fwp%2Fv2%2Ftags&post=30210"}],"curies":[{"name":"wp","href":"https:\/\/api.w.org\/{rel}","templated":true}]}}