{"id":30376,"date":"2019-04-13T15:29:10","date_gmt":"2019-04-13T14:29:10","guid":{"rendered":"http:\/\/clamart-citoyenne.fr\/?p=30376"},"modified":"2019-04-14T15:37:54","modified_gmt":"2019-04-14T14:37:54","slug":"la-fatalite","status":"publish","type":"post","link":"https:\/\/clamart-citoyenne.fr\/?p=30376","title":{"rendered":"La fatalit\u00e9 ?"},"content":{"rendered":"<p id=\"CWPgjMJ\"><img loading=\"lazy\" decoding=\"async\" class=\"wp-image-30378 aligncenter\" src=\"http:\/\/clamart-citoyenne.fr\/wp-content\/uploads\/2019\/04\/img_5cb1f046cf998.png\" alt=\"\" width=\"364\" height=\"254\" srcset=\"https:\/\/clamart-citoyenne.fr\/wp-content\/uploads\/2019\/04\/img_5cb1f046cf998.png 790w, https:\/\/clamart-citoyenne.fr\/wp-content\/uploads\/2019\/04\/img_5cb1f046cf998-300x210.png 300w, https:\/\/clamart-citoyenne.fr\/wp-content\/uploads\/2019\/04\/img_5cb1f046cf998-768x537.png 768w\" sizes=\"auto, (max-width: 364px) 100vw, 364px\" \/><\/p>\n<p><span style=\"color: #000000;\"><b>Au conseil municipal du 28 mars, <\/b>interrog\u00e9 sur la situation de <b>l\u2019immeuble du 50 avenue Jean Jaur\u00e8s<\/b>, le maire d\u00e9clare\u00a0:<\/span><\/p>\n<p><span style=\"color: #0000ff;\">\u00ab\u00a0Il faut prendre un peu de recul pour se dire que dans cette s\u00e9quence d&rsquo;urbanisme que connait notre pays avec des immeubles qui ont \u00e9t\u00e9 construits il y a entre 100 et 150 ans sans fondations, que dans beaucoup de villes dans notre pays on va avoir ce type de probl\u00e8me quand un immeuble au milieu de deux autres est d\u00e9moli, c&rsquo;est ce qui s&rsquo;est pass\u00e9 un peu \u00e0 Marseille avec des cons\u00e9quences dramatiques\u2026\u00a0\u00bb<\/span><\/p>\n<p><span style=\"color: #000000;\"><i>Il est inqui\u00e9tant d\u2019entendre que le maire pense qu\u2019il s\u2019agit d\u2019une <\/i><i>fatalit\u00e9<\/i><i>, d\u2019un simple al\u00e9a de chantier. Il semble \u00e9luder les \u00e9ventuelles <\/i><i>responsabilit\u00e9s <\/i><i>et n\u2019\u00e9voque aucune mesure pr\u00e9ventive pour \u00e9viter la r\u00e9p\u00e9tition de ce genre de probl\u00e8me.<\/i><\/span><\/p>\n<p><span style=\"color: #000000;\">Le maire ajoute ensuite :<\/span><\/p>\n<p><span style=\"color: #0000ff;\">\u00ab\u00a0Ce serait bien que tous ceux qui veulent \u00e9voquer ce sujet le fassent de fa\u00e7on responsable et n\u2019invoquent pas des probl\u00e8mes qui n&rsquo;existent pas, de tous ordres, j\u2019ai entendu parler de carri\u00e8res, d\u2019hydrog\u00e9ologie, tout cela n&rsquo;a absolument rien \u00e0 voir et c&rsquo;est vraiment tr\u00e8s irresponsable de jouer avec les peurs pour en retirer un int\u00e9r\u00eat politicien ou \u00e9lectoral&#8230;\u00a0\u00bb<\/span><\/p>\n<p><span style=\"color: #000000;\"><i>Le maire a-t-il d\u00e9j\u00e0 obtenu le rapport d\u2019expertise final ? Connait-il d\u00e9j\u00e0 les conclusions des proc\u00e9dures judiciaires en cours pour affirmer avec certitude qu\u2019il n\u2019y a nul probl\u00e8me de carri\u00e8res ou d\u2019hydrog\u00e9ologie\u00a0alors m\u00eame qu\u2019il a command\u00e9 une \u00e9tude hydrog\u00e9ologique sur la commune ?<\/i><\/span><\/p>\n<p><span style=\"color: #000000;\"><i>La construction, en bordure d\u2019un immeuble ancien, d\u2019un b\u00e2timent pr\u00e9voyant trois<\/i>\u00a0<i>niveaux de sous-sol<\/i><i> est-elle raisonnable alors que le maire semble savoir que cette configuration est <\/i><i>potentiellement probl\u00e9matique<\/i><i> ?<br \/>\nOn peut maintenant regretter qu\u2019il n\u2019y ait pas eu une surveillance du chantier accrue et une <\/i><i>attention particuli\u00e8re<\/i><i> sur les pratiques techniques de l\u2019entreprise.<\/i><\/span><\/p>\n<p>(Voir notre <a href=\"http:\/\/clamart-citoyenne.fr\/?p=30370\">Tribune<\/a> et nos propositions sur ce sujet)<\/p>\n\n<div class=\"twitter-share\"><a href=\"https:\/\/twitter.com\/intent\/tweet?via=clamartcitoy\" class=\"twitter-share-button\">Tweet<\/a><\/div>\n","protected":false},"excerpt":{"rendered":"<p>Au conseil municipal du 28 mars, interrog\u00e9 sur la situation de l\u2019immeuble du 50 avenue Jean Jaur\u00e8s, le maire d\u00e9clare\u00a0: \u00ab\u00a0Il faut prendre un peu de recul pour se dire que dans cette s\u00e9quence d&rsquo;urbanisme que connait notre pays avec des immeubles qui ont \u00e9t\u00e9 construits il y a entre 100 et 150 ans sans&#8230;<\/p>\n","protected":false},"author":1,"featured_media":0,"comment_status":"open","ping_status":"open","sticky":false,"template":"","format":"standard","meta":{"advgb_blocks_editor_width":"","advgb_blocks_columns_visual_guide":"","_kad_post_transparent":"","_kad_post_title":"","_kad_post_layout":"","_kad_post_sidebar_id":"","_kad_post_content_style":"","_kad_post_vertical_padding":"","_kad_post_feature":"","_kad_post_feature_position":"","_kad_post_header":false,"_kad_post_footer":false,"_kad_post_classname":"","jetpack_post_was_ever_published":false,"_jetpack_newsletter_access":"","_jetpack_dont_email_post_to_subs":false,"_jetpack_newsletter_tier_id":0,"_jetpack_memberships_contains_paywalled_content":false,"_jetpack_memberships_contains_paid_content":false,"footnotes":"","jetpack_publicize_message":"","jetpack_publicize_feature_enabled":true,"jetpack_social_post_already_shared":true,"jetpack_social_options":{"image_generator_settings":{"template":"highway","default_image_id":0,"font":"","enabled":false},"version":2}},"categories":[1],"tags":[526,528,311,530,176,529],"class_list":["post-30376","post","type-post","status-publish","format-standard","hentry","category-uncategorized","tag-eboulement","tag-fatalite","tag-hydrogeologie","tag-immeuble","tag-jean-jaures","tag-prevoyance"],"author_meta":{"display_name":"CCadminWP","author_link":"https:\/\/clamart-citoyenne.fr\/?author=1"},"featured_img":null,"jetpack_publicize_connections":[],"jetpack_featured_media_url":"","coauthors":[],"tax_additional":{"categories":{"linked":["<a href=\"https:\/\/clamart-citoyenne.fr\/?cat=1\" class=\"advgb-post-tax-term\">Uncategorized<\/a>"],"unlinked":["<span class=\"advgb-post-tax-term\">Uncategorized<\/span>"]},"tags":{"linked":["<a href=\"https:\/\/clamart-citoyenne.fr\/?cat=1\" class=\"advgb-post-tax-term\">Eboulement<\/a>","<a href=\"https:\/\/clamart-citoyenne.fr\/?cat=1\" class=\"advgb-post-tax-term\">Fatalit\u00e9<\/a>","<a href=\"https:\/\/clamart-citoyenne.fr\/?cat=1\" class=\"advgb-post-tax-term\">Hydrog\u00e9ologie<\/a>","<a href=\"https:\/\/clamart-citoyenne.fr\/?cat=1\" class=\"advgb-post-tax-term\">Immeuble<\/a>","<a href=\"https:\/\/clamart-citoyenne.fr\/?cat=1\" class=\"advgb-post-tax-term\">Jean Jaur\u00e8s<\/a>","<a href=\"https:\/\/clamart-citoyenne.fr\/?cat=1\" class=\"advgb-post-tax-term\">Pr\u00e9voyance<\/a>"],"unlinked":["<span class=\"advgb-post-tax-term\">Eboulement<\/span>","<span class=\"advgb-post-tax-term\">Fatalit\u00e9<\/span>","<span class=\"advgb-post-tax-term\">Hydrog\u00e9ologie<\/span>","<span class=\"advgb-post-tax-term\">Immeuble<\/span>","<span class=\"advgb-post-tax-term\">Jean Jaur\u00e8s<\/span>","<span class=\"advgb-post-tax-term\">Pr\u00e9voyance<\/span>"]}},"comment_count":"1","relative_dates":{"created":"Publi\u00e9 7 ans il y a","modified":"Mis \u00e0 jour 7 ans il y a"},"absolute_dates":{"created":"Publi\u00e9 le 13\/04\/2019","modified":"Mise \u00e0 jour le 14\/04\/2019"},"absolute_dates_time":{"created":"Publi\u00e9 le 13\/04\/2019 15:29","modified":"Mise \u00e0 jour le 14\/04\/2019 15:37"},"featured_img_caption":"","series_order":"","jetpack_sharing_enabled":true,"jetpack_shortlink":"https:\/\/wp.me\/p7cbn9-7TW","jetpack_likes_enabled":true,"_links":{"self":[{"href":"https:\/\/clamart-citoyenne.fr\/index.php?rest_route=\/wp\/v2\/posts\/30376","targetHints":{"allow":["GET"]}}],"collection":[{"href":"https:\/\/clamart-citoyenne.fr\/index.php?rest_route=\/wp\/v2\/posts"}],"about":[{"href":"https:\/\/clamart-citoyenne.fr\/index.php?rest_route=\/wp\/v2\/types\/post"}],"author":[{"embeddable":true,"href":"https:\/\/clamart-citoyenne.fr\/index.php?rest_route=\/wp\/v2\/users\/1"}],"replies":[{"embeddable":true,"href":"https:\/\/clamart-citoyenne.fr\/index.php?rest_route=%2Fwp%2Fv2%2Fcomments&post=30376"}],"version-history":[{"count":5,"href":"https:\/\/clamart-citoyenne.fr\/index.php?rest_route=\/wp\/v2\/posts\/30376\/revisions"}],"predecessor-version":[{"id":30385,"href":"https:\/\/clamart-citoyenne.fr\/index.php?rest_route=\/wp\/v2\/posts\/30376\/revisions\/30385"}],"wp:attachment":[{"href":"https:\/\/clamart-citoyenne.fr\/index.php?rest_route=%2Fwp%2Fv2%2Fmedia&parent=30376"}],"wp:term":[{"taxonomy":"category","embeddable":true,"href":"https:\/\/clamart-citoyenne.fr\/index.php?rest_route=%2Fwp%2Fv2%2Fcategories&post=30376"},{"taxonomy":"post_tag","embeddable":true,"href":"https:\/\/clamart-citoyenne.fr\/index.php?rest_route=%2Fwp%2Fv2%2Ftags&post=30376"}],"curies":[{"name":"wp","href":"https:\/\/api.w.org\/{rel}","templated":true}]}}