{"id":30617,"date":"2019-10-09T17:13:24","date_gmt":"2019-10-09T16:13:24","guid":{"rendered":"http:\/\/clamart-citoyenne.fr\/?p=30617"},"modified":"2020-09-03T13:08:43","modified_gmt":"2020-09-03T12:08:43","slug":"au-conseil-municipal-du-vendredi-20-septembre-2019","status":"publish","type":"post","link":"https:\/\/clamart-citoyenne.fr\/?p=30617","title":{"rendered":"Au Conseil municipal du vendredi 20 septembre 2019"},"content":{"rendered":"<p><a href=\"http:\/\/clamart-citoyenne.fr\/?p=30617#odj\"><strong>ORDRE DU JOUR<\/strong><\/a><br \/>\n<a href=\"http:\/\/clamart-citoyenne.fr\/?p=30617#af\"><strong>AFFAIRES FINANCI\u00c8RES<\/strong><\/a><br \/>\n<a href=\"http:\/\/clamart-citoyenne.fr\/?p=30617#afu\"><strong>AFFAIRES FONCI\u00c8RES\/URBANISME<\/strong><\/a><br \/>\n<a href=\"http:\/\/clamart-citoyenne.fr\/?p=30617#va\"><strong>VIE ASSOCIATIVE<\/strong><\/a><br \/>\n<a href=\"http:\/\/clamart-citoyenne.fr\/?p=30617#jf\"><strong>JEUNESSE\/FAMILLES<\/strong><\/a><br \/>\n<a href=\"http:\/\/clamart-citoyenne.fr\/?p=30617#per\"><strong>PERSONNEL<\/strong><\/a><br \/>\n<a href=\"http:\/\/clamart-citoyenne.fr\/?p=30617#qo\"><strong>QUESTION ORALE<\/strong><\/a><\/p>\n<p><!--more--><\/p>\n<h1>D\u00c9CISIONS DU MAIRE<\/h1>\n<h1><span id=\"odj\" class=\"sta-anchor \" aria-hidden=\"true\"><\/span>ORDRE DU JOUR<\/h1>\n<h1><span id=\"af\" class=\"sta-anchor \" aria-hidden=\"true\"><\/span>AFFAIRES FINANCI\u00c8RES<\/h1>\n<h3><strong>Question n\u00b04 de l\u2019ordre du jour<\/strong><\/h3>\n<p><strong>Modification d\u2019autorisations de programme \/ cr\u00e9dits de paiement (APCP).<\/strong><\/p>\n<p><span style=\"color: #ff0000;\">Il est compr\u00e9hensible que le co\u00fbt de certains projets varie en cours d\u2019ann\u00e9e : retards de la ma\u00eetrise d&rsquo;oeuvre, intemp\u00e9ries, probl\u00e8mes techniques, nouvelles carri\u00e8res souterraines\u2026<\/span><\/p>\n<p><span style=\"color: #ff0000;\">Cependant lorsque les variations atteignent <strong>+45%<\/strong> (Groupe scolaire Plaine sud) parce que l\u2019on a exclu du \u00ab budget travaux \u00bb la \u00ab ma\u00eetrise d\u2019\u0153uvre \u00bb ou \u00ab l\u2019assurance dommage \u00bb ou encore le mobilier&#8230; nous avons du mal \u00e0 comprendre.<\/span><\/p>\n<p><span style=\"color: #ff0000;\">De m\u00eame pour le budget du march\u00e9 du Trosy nous d\u00e9couvrons une augmentation de <strong>+72%<\/strong> qui s\u2019expliqueraient &#8211; nous a-t-on dit en commission &#8211; par des \u00ab r\u00e9ajustements \u00bb ou une \u00ab insuffisance de provisions \u00bb, \u00ab des frais de fa\u00e7ade \u00bb impr\u00e9vus ??, \u00ab l\u2019installation du march\u00e9 provisoire<\/span><span style=\"color: #ff0000;\">\u00a0<\/span><span style=\"color: #ff0000;\">\u00bb<\/span><span style=\"color: #ff0000;\"> impr\u00e9vue ??<\/span><\/p>\n<p><span style=\"color: #ff0000;\">Tout peut arriver mais comment des \u00e9lus peuvent-ils se prononcer sur un projet dont le montant pourrait &#8211; par exemple &#8211; presque doubler dans l\u2019avenir (+72%, on n\u2019en est pas si loin !).<\/span><\/p>\n<p><span style=\"color: #ff0000;\">On se demande comment sont r\u00e9alis\u00e9s les appels d\u2019offres et comment le co\u00fbt final des projets a pu s&rsquo;\u00e9loigner dans de telles proportions de leur co\u00fbt initial&#8230;<\/span><\/p>\n<p><span style=\"color: #ff0000;\">Enfin, nous notons que le report de ces importantes augmentations (Groupe scolaire et Trosy) s\u2019effectuera \u00e0 80% sur 2020 (c\u2019est un peu le syst\u00e8me de la patate chaude pour les \u00e9lus suivants\u2026).<\/span><\/p>\n<p><span style=\"color: #0000ff;\">Le maire nous r\u00e9pond que, contrairement \u00e0 ce qui se faisait avant, nous votons en AP\/CP. Nous affichons les \u00e9tudes, les honoraires correspondants mais pas les \u00e9l\u00e9ments nouveaux d\u00e9coulant des accord avec le Territoire tel que le paiement de la partie fa\u00e7ade.<\/span><\/p>\n<p><span style=\"color: #0000ff;\">Il y a eu des appels d\u2019offres entre-temps et avec le Grand Paris, il existe une commission d\u2019appel d\u2019offres o\u00f9 l\u2019opposition est repr\u00e9sent\u00e9e. Les carnets de commandes \u00e9tant importants, les entreprises augmentent leur co\u00fbt\u2026 comme par exemple sur Panorama o\u00f9 les prix ont \u00e9t\u00e9 sup\u00e9rieurs \u00e0 ce qui avait \u00e9t\u00e9 pr\u00e9vu.<\/span><\/p>\n<p><span style=\"color: #0000ff;\">On dit ce qui s\u2019est pass\u00e9, nous appliquons la transparence, et cela sans augmenter la dette et les imp\u00f4ts.<\/span><\/p>\n<p><span style=\"color: #0000ff;\">Je rappelle que la suppression de la taxe d\u2019habitation va nous amputer des 2\/3 de nos recettes ce qui a des cons\u00e9quences.<\/span><\/p>\n<p><strong>Le groupe <em>Clamart Citoyenne<\/em> vote CONTRE.<\/strong><\/p>\n<p><strong>Remarque<\/strong><br \/>\n<em>Une explication tr\u00e8s partielle, proche de l&rsquo;enfumage, qui ne permet pas de comprendre pr\u00e9cis\u00e9ment les d\u00e9rives de certains co\u00fbts relev\u00e9es.<\/em><\/p>\n<p><em>Peut-on accepter de voter des projets \u00e0 + ou &#8211; 72% de leur co\u00fbt pr\u00e8s\u00a0?<\/em><\/p>\n<p><em>De telles d\u00e9rives semblent incompatibles avec la comp\u00e9tence auto-proclam\u00e9e de l&rsquo;\u00e9quipe municipale actuelle en mati\u00e8re de gestion.<\/em><\/p>\n<h3><strong>Question n\u00b05 de l\u2019ordre du jour<\/strong><\/h3>\n<p><strong>D\u00e9cision modificative n\u00b01 au Budget principal et aux budgets annexes des parcs de stationnement et de la restauration municipale.<\/strong><\/p>\n<p><strong>Le groupe <em>Clamart Citoyenne<\/em> vote CONTRE.<\/strong><\/p>\n<p><strong>Remarque<\/strong><br \/>\n<em>Ces r\u00e9ajustements ne modifient en rien notre jugement pr\u00e9c\u00e9dent sur le budget 2019 (voir nos explications lors du vote initial du budget).<\/em><\/p>\n<h3><strong>Question n\u00b06 de l\u2019ordre du jour<\/strong><\/h3>\n<p><strong>Reprise du solde de la provision pour risques et charges (PRC) constitu\u00e9es par la d\u00e9lib\u00e9ration du 11 juillet 2014.<\/strong><\/p>\n<p><strong>Le groupe <em>Clamart Citoyenne<\/em> vote POUR.<\/strong><\/p>\n<h3><strong>Question n\u00b07 de l\u2019ordre du jour<\/strong><\/h3>\n<p><strong>Approbation du contrat de d\u00e9veloppement D\u00e9partement \u2013 Ville pour la p\u00e9riode 2019-2021 entre la Ville de Clamart et le Conseil d\u00e9partemental des Hauts-de-Seine.<\/strong><\/p>\n<p><span style=\"color: #0000ff;\">Le maire intervient \u00ab\u00a0Vous devriez utiliser vos droits \u00e0 la formation car vous ne comprenez pas le sujet. En 2014 l\u2019argument \u00e9tait \u00ab c\u2019est impossible \u00bb. Aujourd\u2019hui, on y arrive et on a purg\u00e9 la dette. Les parkings sont \u00e9quilibr\u00e9s et resteront \u00e9quilibr\u00e9s\u00a0\u00bb\u2026<\/span><\/p>\n<p><strong>Remarque<\/strong><br \/>\n<em>Un maire est d\u00e9cid\u00e9ment tr\u00e8s irritable. Comme toujours, il ne r\u00e9pond pas aux questions et se r\u00e9fugie de plus en plus dans le m\u00e9pris de son opposition.<\/em><\/p>\n<p><em>Quant au financement \u00ab\u00a0\u00e9quilibr\u00e9\u00a0\u00bb des <a href=\"http:\/\/clamart-citoyenne.fr\/?p=30435\">parkings<\/a>, cela semble \u00eatre un sujet tr\u00e8s d\u00e9licat pour le maire&#8230;<\/em><\/p>\n<h3><strong>Question n\u00b08 de l\u2019ordre du jour<\/strong><\/h3>\n<p><strong>Abrogation de la d\u00e9lib\u00e9ration du 16\/12\/2015 allouant une indemnit\u00e9 de conseil au comptable du Tr\u00e9sor charg\u00e9 des fonctions de receveur des collectivit\u00e9s locales.<\/strong><\/p>\n<p><span style=\"color: #ff0000;\">Les r\u00e9ponses aux questions que nous avons pos\u00e9es en commission ont \u00e9t\u00e9 floues. On nous a rapport\u00e9 que \u00ab\u00a0C\u2019\u00e9tait un <strong>usage<\/strong>\u00ab\u00a0, \u00ab\u00a0Que ce comptable n\u2019avait <strong>jamais \u00e9t\u00e9 sollicit\u00e9<\/strong> sauf concernant sa <em>comp\u00e9tence propre<\/em>\u00ab\u00a0. Nous avons donc du mal \u00e0 comprendre la d\u00e9cision d&rsquo;allouer cette indemnit\u00e9, prise en 2015 et nous aurions en tout cas aim\u00e9 une r\u00e9action plus prompte pour abroger cet \u00ab\u00a0usage\u00a0\u00bb inutile qui s&rsquo;est poursuivi pendant 4 ans, et qui aurait au final co\u00fbt\u00e9 36 000 \u20ac \u00e0 la commune.<\/span><\/p>\n<p><span style=\"color: #0000ff;\">Le maire nous r\u00e9pond que la <em>r\u00e8gle de bienveillance<\/em> doit s\u2019imposer entre les 2 parties. \u00ab\u00a0J\u2019esp\u00e8re que cette bienveillance va continuer. On a un \u00e9tat junky, on emprunte aujourd\u2019hui \u00e0 taux z\u00e9ro\u2026 Je ne peux pas reprocher \u00e0 l\u2019\u00e9tat de se r\u00e9former mais cela se fait de fa\u00e7on hypocrite,\u2026 on ferme tel ou tel service et si vous voulez des services d\u00e9brouillez-vous. C\u2019est le double discours.\u00a0\u00bb.<\/span><\/p>\n<p><strong>Le groupe <em>Clamart Citoyenne<\/em> vote POUR.<\/strong><\/p>\n<p><strong>Remarque<\/strong><br \/>\n<em>Encore une fois le maire ne r\u00e9pond pas \u00e0 la question pos\u00e9e. Nous nous \u00e9tonnons de cette r\u00e9action tardive et de cette inqui\u00e9tude vis-\u00e0-vis des r\u00e9actions possibles du comptable du Tr\u00e9sor. Y aurait-il une d\u00e9t\u00e9rioration des relations avec la mairie dont cette suppression d&rsquo;indemnit\u00e9 serait un \u00e9pisode ?<\/em><\/p>\n<p><em>Un comptable public est, effectivement, g\u00e9n\u00e9ralement mis \u00e0 contribution par des maires des zones rurales parce qu&rsquo;il est un interlocuteur privil\u00e9gi\u00e9 et indispensable. Sur des villes plus importantes, notamment de la petite couronne, il est vrai qu&rsquo;il est peu mis \u00e0 contribution, les maires pr\u00e9f\u00e9rant s&rsquo;adresser \u00e0 des organismes priv\u00e9s pour tout ce qui est conseil, m\u00eame si c&rsquo;est factur\u00e9 beaucoup plus cher. On peut le regretter, d&rsquo;autant plus que le Comptable a la possibilit\u00e9 de s&rsquo;appuyer sur les services de Bercy pour ses missions de conseil et d&rsquo;expertise. Ce n&rsquo;est donc peut-\u00eatre pas un choix d&rsquo;\u00e9conomie&#8230; mais plus une d\u00e9fiance du service public.<\/em><\/p>\n<p><em>Quant au discours consistant \u00e0 se plaindre de la fermeture des services, le maire sait de quoi il parle. N\u2019est-il pas issu d&rsquo;un parti politique champion du r\u00e9gime sec de l\u2019Etat en mati\u00e8re d\u2019emploi et de services publics ?<\/em><\/p>\n<h3><strong>Question n\u00b09 de l\u2019ordre du jour<\/strong><\/h3>\n<p><strong>R\u00e9it\u00e9ration des garanties d\u2019emprunt accord\u00e9es au bailleur social 1001 Vies Habitat suite \u00e0 un allongement de la dur\u00e9e de la dette aupr\u00e8s de la Caisse des D\u00e9p\u00f4ts et Consignations.<\/strong><\/p>\n<p><em>La St\u00e9 SA HLM demande prolongement de garantie d\u2019emprunt de 10 ans sur 4 emprunts au b\u00e9n\u00e9fice de la ville de Clamart.<\/em><\/p>\n<p><strong>Le groupe <em>Clamart Citoyenne<\/em> vote POUR.<\/strong><\/p>\n<h3><strong><span id=\"pkg\" class=\"sta-anchor \" aria-hidden=\"true\"><\/span>Question n\u00b010 de l\u2019ordre du jour<\/strong><\/h3>\n<p><strong>Approbation de l\u2019utilisation par la Ville de 250 emplacements dans les parkings publics.<\/strong><\/p>\n<p>La Ville de Clamart a besoin pour son fonctionnement de mettre \u00e0 la disposition de ses agents, de ses \u00e9lus, des salari\u00e9s de l\u2019\u00e9tablissement public territorial Vall\u00e9e Sud Grand Paris, et de ses partenaires invit\u00e9s \u00e0 des r\u00e9unions et qui sont motoris\u00e9s, des emplacements pour stationner leurs moyens de locomotion, soit 250 places \u00e0 l\u2019int\u00e9rieur des parkings publics dont elle est propri\u00e9taire.<\/p>\n<p>Pour ce faire, le Maire a pr\u00e9alablement autoris\u00e9 par d\u00e9cision la cr\u00e9ation d\u2019un nouveau tarif: \u00ab administration publique \u00bb dans la grille tarifaire des abonnements des parkings publics de la Ville.<\/p>\n<p>Les places ainsi r\u00e9serv\u00e9es seront prises en charges sur le budget principal de la Ville au tarif nouvellement cr\u00e9\u00e9, et comptabilis\u00e9es en recettes TVA comprise du budget annexe des parkings municipaux.<\/p>\n<p>Il est donc propos\u00e9 au CM d\u2019approuver l\u2019utilisation de 250 places de stationnements dans les parkings publics municipaux (au tarif \u00ab\u00a0administration publique\u00a0\u00bb)<\/p>\n<p><span style=\"color: #ff0000;\">Nous ne disposons que de tr\u00e8s peu d\u2019informations sur cette mesure.<\/span><\/p>\n<p><span style=\"color: #ff0000;\">En quoi consiste cette \u00ab mise \u00e0 disposition \u00bb ?\u00a0 Des places \u00ab seulement d\u00e9di\u00e9es \u00bb \u00e0 l\u2019usage des personnes \u00e9voqu\u00e9es ou bien \u00ab des places gratuites ou \u00e0 tarifs r\u00e9duits \u00bb, ce qui s\u2019assimilerait \u00e0 des avantages en nature ?<\/span><\/p>\n<p><span style=\"color: #ff0000;\">Mais nous souhaitons d\u2019autres pr\u00e9cisions\u00a0:<\/span><\/p>\n<ul>\n<li><span style=\"color: #ff0000;\">Aujourd\u2019hui, des personnes b\u00e9n\u00e9ficient-elles d\u00e9j\u00e0 d\u2019avantages \u00ab parking \u00bb, lesquelles et combien ?<\/span><\/li>\n<li><span style=\"color: #ff0000;\">Qui sont ces 250 personnes qui b\u00e9n\u00e9ficieront de cette mise \u00e0 disposition\u00a0? <strong>Selon quel crit\u00e8re sera accord\u00e9 cet avantage\u00a0?<\/strong> Des artisans, des infirmi\u00e8res lib\u00e9rales, des Clamartois dont l\u2019activit\u00e9 professionnelle les am\u00e8ne \u00e0 \u00eatre confront\u00e9s quotidiennement aux difficult\u00e9s de stationnement ou un \u00e9lu oblig\u00e9 de se d\u00e9placer en ville ? <strong>Mais ils ne sont pas les seuls<\/strong>.<\/span><\/li>\n<li><span style=\"color: #ff0000;\">Y aura-t-il des cartes parking ? Seront-elles nominatives ? Pourront-elles \u00eatre utilis\u00e9es aussi par leur acqu\u00e9reur pour d\u2019autres d\u00e9placements que professionnels (loisirs, d\u00e9placements priv\u00e9s\u2026 ?)<\/span><\/li>\n<li><span style=\"color: #ff0000;\">Qu\u2019est ce qui justifie cette d\u00e9pense de 250 k\u20ac pour la commune\u00a0? <strong>Les parkings sont-ils en d\u00e9ficit\u00a0et de combien\u00a0? <\/strong><\/span><\/li>\n<li><span style=\"color: #ff0000;\">Existe-t-il d\u2019autres avantages en nature ou facilit\u00e9s dont nous n\u2019aurions pas connaissance\u00a0?<\/span><\/li>\n<li><span style=\"color: #ff0000;\">Pourquoi cette d\u00e9cision aujourd\u2019hui\u00a0? Le besoin est-il nouveau\u00a0?<\/span><\/li>\n<li><span style=\"color: #ff0000;\">Cette d\u00e9cision n\u2019est-elle pas de nature \u00e0 accro\u00eetre les d\u00e9placements en v\u00e9hicules particuliers plut\u00f4t qu\u2019en transport en commun ? N\u2019est-ce pas antinomique avec votre soudaine <strong>d\u00e9couverte des vertus de l\u2019\u00e9cologie<\/strong>???<\/span><\/li>\n<\/ul>\n<p><span style=\"color: #0000ff;\">En r\u00e9ponse, le maire nous met en garde sur l\u2019utilisation de photos dont nous n\u2019avons pas les droits (?!?).<\/span><\/p>\n<p><span style=\"color: #0000ff;\">Concernant le parking, celui-ci \u00e9tait pr\u00e9c\u00e9demment int\u00e9gr\u00e9 au budget principal. C\u2019est maintenant interdit car il doit aujourd\u2019hui figurer au budget annexe. Cette mise \u00e0 disposition \u00ab n\u2019est pas un avantage \u00bb mais b\u00e9n\u00e9ficiera au personnel disposant d\u2019une d\u00e9l\u00e9gation. C\u2019est une obligation si l\u2019on veut lib\u00e9rer de la place en surface. Alors que les parkings ne sont pas pleins en semaine, les places en surface le sont. Dans la journ\u00e9e, les agents iront se garer en souterrain pour lib\u00e9rer les places en surface. Quant \u00e0 la politique de paiement de parking par la ville, ce n\u2019est pas nouveau.<\/span><\/p>\n<p><strong>Le groupe <em>Clamart Citoyenne<\/em> vote CONTRE.<\/strong><\/p>\n<p><strong>Remarque<\/strong><br \/>\n<em>D\u00e9cid\u00e9ment de nombreuses questions pos\u00e9es par Clamart Citoyenne restent sans r\u00e9ponse. La r\u00e9p\u00e9tition de ce proc\u00e9d\u00e9 politicien est une habitude particuli\u00e8rement contestable et anti-d\u00e9mocratique. Que cherche donc \u00e0 cacher le maire dans cette <a href=\"http:\/\/clamart-citoyenne.fr\/?p=30435\">affaire de parkings<\/a> ?<\/em><\/p>\n<h1><span id=\"afu\" class=\"sta-anchor \" aria-hidden=\"true\"><\/span>AFFAIRES FONCI\u00c8RES\/URBANISME<\/h1>\n<h3><strong>Question n\u00b011 de l\u2019ordre du jour <span style=\"text-decoration: underline;\">report\u00e9e<\/span><\/strong><\/h3>\n<p><strong>Approbation d\u2019une convention de projet urbain partenarial dans le cadre de la demande de permis d\u2019am\u00e9nager d\u00e9pos\u00e9e par la soci\u00e9t\u00e9 Eiffage am\u00e9nagement pour l\u2019op\u00e9ration d\u2019am\u00e9nagement \u00ab Clamart Plaine Sud-\u00eelot de la Plaine\u00bb \u00e0 Clamart entre la Ville de Clamart, le Territoire Vall\u00e9e Sud-Grand Paris et la soci\u00e9t\u00e9 Eiffage am\u00e9nagement.<\/strong><\/p>\n<h3><strong>Question n\u00b012 de l\u2019ordre du jour <span style=\"text-decoration: underline;\">report\u00e9e<\/span><\/strong><\/h3>\n<p><strong>Approbation d\u2019une convention de r\u00e9trocession des voies et espaces communs du projet \u00ab Clamart Plaine Sud &#8211; \u00eelot de la Plaine \u00bb, avec le Territoire Vall\u00e9e Sud-Grand Paris et la soci\u00e9t\u00e9 Eiffage Am\u00e9nagement dans le cadre de la demande de permis d\u2019am\u00e9nager d\u00e9pos\u00e9e par la Soci\u00e9t\u00e9 Eiffage Am\u00e9nagement.<\/strong><\/p>\n<h3><strong>Question n\u00b013 de l\u2019ordre du jour<\/strong><\/h3>\n<p><strong>Cession d\u2019un ensemble de terrains appartenant \u00e0 la commune, sis rue de la Bourcilli\u00e8re et rue du Commandant Duval \u00e0 Clamart au profit du groupement Terrae Optimae 1- Nexity.<\/strong><\/p>\n<p>La Ville envisage de c\u00e9der ses 2 \u00eelots de forme triangulaire et d\u00e9nomm\u00e9s respectivement \u00ab \u00eelot Bourcilli\u00e8re \u00bb et \u00ab \u00eelot Duval \u00bb, environ 11 000\u00a0 m\u00b2 (avec 2 b\u00e2timents de type PAILLERON).<\/p>\n<p>Le conseil municipal avait, par d\u00e9lib\u00e9ration du 12 octobre 2016, approuv\u00e9 le lancement d\u2019une proc\u00e9dure d\u2019appel \u00e0 projet pour la cession de ces deux emprises fonci\u00e8res, sans que suite n\u2019y soit donn\u00e9e.<\/p>\n<p>Les \u00e9changes entre la Commune et Clamart Habitat \u00e9tant d\u00e9finitivement act\u00e9s, les emprises fonci\u00e8res concern\u00e9es par le projet, propri\u00e9t\u00e9 de la Commune, peuvent d\u00e9sormais faire l\u2019objet d\u2019un processus de cession.<\/p>\n<p>Le projet global d\u00e9velopp\u00e9 sur les fonciers de la Ville de Clamart et de Clamart Habitat permet la r\u00e9alisation d\u2019environ 23 350 m\u00b2 de surface de plancher ainsi que des \u00e9quipements publics.<\/p>\n<p><span style=\"color: #ff0000;\">En 2016, le maire nous avait promis ici le p\u00f4le social du d\u00e9partement, qui n\u2019est malheureusement plus d\u2019actualit\u00e9. Conscients de la n\u00e9cessit\u00e9 de construire des logements, notamment sociaux, nous nous \u00e9tions abstenus sur ce projet. Depuis, un nombre qui nous para\u00eet d\u00e9mesur\u00e9 de logements a vu, ou est en voie de voir le jour. Nous consid\u00e9rons donc que, maintenant, la raison est au contraire de conserver un minimum de r\u00e9serve fonci\u00e8re, surtout en plein c\u0153ur d\u2019un quartier d\u00e9j\u00e0 tr\u00e8s dense.<\/span><\/p>\n<p><span style=\"color: #ff0000;\">Certes, il va y avoir une surface significative r\u00e9serv\u00e9e aux commerces. Mais cet espace aurait pu \u00eatre l&rsquo;occasion d&rsquo;une belle d\u00e9marche de d\u00e9mocratie participative, qui permettrait aux habitants d&rsquo;exprimer leurs besoins et de g\u00e9n\u00e9rer un projet dans lequel chacun serait partie prenante.<\/span><\/p>\n<p><span style=\"color: #ff0000;\">En attendant le r\u00e9sultat de cette d\u00e9marche, qui pour \u00eatre men\u00e9e dans de bonnes condition prendra forc\u00e9ment du temps, cette friche pourrait \u00eatre transform\u00e9e en parc, en jardin partag\u00e9, en verger&#8230; En tout cas, en espace v\u00e9g\u00e9talis\u00e9, tant d\u2019\u00e9tudes pr\u00f4nant, actuellement, la cr\u00e9ation de paysages de franges urbaines qui sont des espaces de transition temporelle o\u00f9 la ville laisse momentan\u00e9ment la place \u00e0 autre chose.<\/span><\/p>\n<p><span style=\"color: #ff0000;\">Dans le contexte actuel d&rsquo;urgence \u00e9cologique, il faut rappeler que les villes sont responsables de pr\u00e8s de 70\u00a0% des \u00e9missions des gaz \u00e0 effet de serre et qu&rsquo;une urbanisation inadapt\u00e9e favorise la formation d&rsquo;\u00eelots de chaleur. Les \u00e9tudes faites en la mati\u00e8re d\u00e9montrent qu&rsquo;une augmentation des superficies bois\u00e9es et le d\u00e9veloppement d&rsquo;une agriculture mara\u00eech\u00e8re urbaine et p\u00e9riurbaine permet de contrer de fa\u00e7on tr\u00e8s significative ce ph\u00e9nom\u00e8ne. Les villes, par la ma\u00eetrise des terrains disponibles, sont en premi\u00e8re ligne pour faire face aux d\u00e9fis qui nous attendent.<\/span><\/p>\n<p><span style=\"color: #ff0000;\">La r\u00e9ponse au manque de logements dont nous souffrons ne consiste pas \u00e0 lancer, dans la pr\u00e9cipitation d&rsquo;une fin de mandat, un maximum de projets immobiliers. Pour nous, il est important de penser plus globalement le logement dans le cadre de l&rsquo;am\u00e9nagement du territoire, en prenant en compte par la concertation les besoins et l&rsquo;am\u00e9lioration de la qualit\u00e9 de vie des habitants actuels et \u00e0 venir.<\/span><\/p>\n<p><span style=\"color: #ff0000;\">Cet espace devrait \u00eatre l&rsquo;objet d&rsquo;un am\u00e9nagement exemplaire dont la ville devrait garder la ma\u00eetrise.<\/span><\/p>\n<p><span style=\"color: #ff0000;\">Pour contrer par avance d\u2019\u00e9ventuelles critiques sur notre vote d\u00e9favorable \u00e0 ce projet, nous ne sommes bien entendu pas contre le logement social\u00a0! C\u2019est tout le contraire. Mais nous pensons qu\u2019il faut r\u00e9partir dans la ville le logement social, c&rsquo;est-\u00e0-dire en construire davantage dans le centre de Clamart, et am\u00e9liorer la qualit\u00e9 de vie des habitants qui sont dans des zones de forte densit\u00e9.<\/span><\/p>\n<p><span style=\"color: #ff0000;\">Pierre Carrive pr\u00e9sente sa candidature \u00e0 la commission consultative qui est cr\u00e9\u00e9e pour suivre le projet.\u00a0<\/span><\/p>\n<p><span style=\"color: #0000ff;\">Le maire nous r\u00e9pond que c\u2019est un terrain \u00e0 l\u2019abandon qui pr\u00e9sentait un probl\u00e8me de s\u00e9curit\u00e9. \u00ab\u00a0On a concert\u00e9 les habitants en 2016 par les associations de locataires. Cela permettra de mettre ne place 2 terrains compl\u00e9mentaires de tennis (qui doit aussi se d\u00e9velopper dans les quartiers populaires) plus 40 places de parking permettant d\u2019\u00e9quilibrer les comptes de parking (<span style=\"color: #ff0000;\">tiens donc&#8230;<\/span>). Il faut d\u2019autre part toutes les gammes de logement. Il n\u2019y a pas que du logement social mais aussi du logement interm\u00e9diaire qui manque dans la commune.<\/span><\/p>\n<p><span style=\"color: #0000ff;\">Ce sera de la taille des pavillons \u00e0 c\u00f4t\u00e9 d\u2019eux, et plus haut \u00e0 c\u00f4t\u00e9 des tours. Ce projet (qui permet de permet de d\u00e9gager 23,5\u00a0M\u00a0\u20ac) a une tr\u00e8s faible densit\u00e9 (1,5 de COS). Il n\u2019est pas impossible qu\u2019il y ait des toitures v\u00e9g\u00e9talis\u00e9es.On verra ce qui sortira du groupe de travail. <\/span><\/p>\n<p><span style=\"color: #0000ff;\">Ici, le maire nous accuse d\u2019afficher des positions contradictoires \u00e0 ce propos : on les demande, mais quand le maire propose des toitures v\u00e9g\u00e9talis\u00e9es, nous votons contre.<\/span><\/p>\n<p><span style=\"color: #0000ff;\">Toutes les villes prennent les risques (conditions suspensives). Mais pour ce qui nous concerne, nous vendons directement le terrain au seul risque du promoteur \u00e0 qui nous imposons des conditions tr\u00e8s tendues.\u00a0\u00bb.<\/span><\/p>\n<p><strong>Le groupe <em>Clamart Citoyenne<\/em> vote POUR.<\/strong><\/p>\n<p class=\"Votes\">La d\u00e9lib\u00e9ration est adopt\u00e9e \u00e0 l&rsquo;unanimit\u00e9 (une seule d\u00e9lib\u00e9ration).<br \/>\nYves S\u00e9ri\u00e9, Marcelle Moussa, Claude Laurens, Colette Huard et Pierre Carrive sont \u00e9lus.<\/p>\n<p><b>Remarques<br \/>\n<\/b><em>Au point suivant, nous d\u00e9non\u00e7ons vigoureusement cette critique du maire. Elle est malhonn\u00eate. Bien entendu, il ne suffit pas qu\u2019il y ait une toiture v\u00e9g\u00e9talis\u00e9e pour que nous soyons favorables \u00e0 un projet\u00a0!<\/em><\/p>\n<p class=\"Remarques\"><em>Apr\u00e8s r\u00e9flexion, nous avons une interpr\u00e9tation de l\u2019\u00e9tonnement du maire. Pour lui, un petit geste \u00e9cologique suffit \u00e0 rendre un projet \u00e9cologique. On met un peu de verdure sur une fa\u00e7ade, et \u00e7a compense un parking souterrain qui emp\u00eachera toutes les eaux de la for\u00eat de s\u2019\u00e9couler naturellement dans la nappe phr\u00e9atique, et qui n\u2019a de sens que si, par ailleurs, on favorise la voiture (par exemple en demandant une troisi\u00e8me voie avenue Tr\u00e9bignaud).<\/em><\/p>\n<p><em>L\u2019\u00e9vocation de la v\u00e9g\u00e9talisation devient d&rsquo;ailleurs un gag r\u00e9current. Le maire traduit notre opposition au projet m\u00e9galomane et dangereux du stade Hunebelle par le fait que nous serions oppos\u00e9 \u00e0 la v\u00e9g\u00e9talisation des b\u00e2timents ! Un comble quand on connait ses pr\u00e9f\u00e9rences en mati\u00e8re d&rsquo;architecture et les canons qu&rsquo;il impose dans ce domaine \u00e0 Clamart o\u00f9 pr\u00e9cis\u00e9ment il <u>exige<\/u> des toits en pente, ce que nous d\u00e9non\u00e7ons.<\/em><\/p>\n<p><em>La fine <span style=\"color: #000000;\">man\u0153uvre<\/span>\u00a0 du maire qui refuse de disjoindre l&rsquo;approbation de la cession des terrains et la candidature \u00e0 la commission nous contraint \u00e0 voter POUR si nous voulons que l&rsquo;opposition y soit repr\u00e9sent\u00e9e. Un tr\u00e8s bel exemple de politique politicienne dont les Clamartois pourraient\u00a0avantageusement se passer&#8230;<\/em><\/p>\n<h3><strong>Question n\u00b014 de l\u2019ordre du jour<\/strong><\/h3>\n<p><strong>Rapport d\u2019activit\u00e9s 2018 de la SPLA Panorama.<\/strong><\/p>\n<p><strong>Le groupe <em>Clamart Citoyenne<\/em> vote CONTRE.<\/strong><\/p>\n<p><span style=\"color: #0000ff;\">Le maire d\u00e9clare, avec le ton m\u00e9prisant qu\u2019il affectionne aujourd\u2019hui quasi syst\u00e9matiquement, qu&rsquo;il s&rsquo;\u00e9tonne de l\u2019absence de questions de Clamart Citoyenne sur ce rapport de 69 pages.. Il \u00e9voque deux extr\u00eames : \u00ab\u00a0Macron qui t\u00e9moigne de l\u2019absence d\u2019id\u00e9ologie et Clamart Citoyenne qui n\u2019a pas de pragmatisme\u00a0\u00bb\u2026<\/span><\/p>\n<p><span style=\"color: #0000ff;\">La SPLA fait travail remarquable. Grace \u00e0 elle, on redonne vie \u00e0 des parties non accessibles.\u00a0<\/span><\/p>\n<p><strong>Remarque<\/strong><br \/>\n<em>Le maire feint d\u2019oublier que ce rapport, 69 pages et pourtant particuli\u00e8rement superficiel, dont les d\u00e9tails sur les crit\u00e8res de gestion et de choix sont absents, est le m\u00eame que celui qui nous avait \u00e9t\u00e9 adress\u00e9 l\u2019an dernier lors de la s\u00e9ance du 11\/10\/2018 qui d\u00e9j\u00e0 ne nous permettait pas de comprendre les choix qui s\u2019y d\u00e9roulaient : \u00ab les d\u00e9cisions de cette SPLA ne sont pas prises publiquement comme lors d\u2019un conseil municipal ou territorial \u00bb, \u00ab En attendant, toujours parce que nous n\u2019avons pas les moyens de savoir r\u00e9ellement ce qui s\u2019y passe, n\u2019y \u00e9tant pas repr\u00e9sent\u00e9s, nous ne pouvons approuver ce rapport \u00bb.<\/em><\/p>\n<p><em>Quant \u00e0 ce d\u00e9sir soudain d\u2019entendre les commentaires de Clamart Citoyenne, le maire pourrait d\u00e9j\u00e0 commencer \u00e0 r\u00e9pondre aux questions qui lui sont pos\u00e9es.<\/em><\/p>\n<h3><strong>Question n\u00b015 de l\u2019ordre du jour<\/strong><\/h3>\n<p><strong>D\u00e9saffectation et d\u00e9classement du domaine public des terrains communaux, sis 8 rue Perthuis et 79 rue du Moulin de Pierre, cadastr\u00e9s section Q 42, 43, 44, 162, 180 et 200.<\/strong><\/p>\n<p>Une intervenante F. Morg\u00e8re n\u2019a pas pu intervenir. Elle d\u00e9sirait donner un avis favorable mais s\u2019est abstenue de ce fait.<\/p>\n<p><span style=\"color: #ff0000;\">Le projet nous convient mais nous aurions pr\u00e9f\u00e9r\u00e9 que cela reste dans l\u2019espace de la ville.\u00a0<\/span><\/p>\n<p><span style=\"color: #0000ff;\">Le maire nous r\u00e9pond \u00ab\u00a0nous avons d\u00e9j\u00e0 vot\u00e9 60 berceaux et 15 logements (20 \u00e9taient pr\u00e9vus au d\u00e9but). La mobilisation des riverains n\u2019a rien chang\u00e9, \u00a0on a fait 15 \u00e0 la place des 20\u2026 Votre manif est tout simplement une manipulation\u2026 <\/span><span style=\"color: #0000ff;\">Sur la ville existent 400 berceaux publics et 400 priv\u00e9s. Avec cela nous accroissons nos capacit\u00e9s de plusieurs centaines de places\u00a0\u00bb.<\/span><\/p>\n<p><strong>Le groupe <em>Clamart Citoyenne<\/em> vote ABSTENTION.<\/strong><\/p>\n<h1><span id=\"va\" class=\"sta-anchor \" aria-hidden=\"true\"><\/span>VIE ASSOCIATIVE<\/h1>\n<h3><strong>Question n\u00b016 de l\u2019ordre du jour<\/strong><\/h3>\n<p><strong>Versement de subventions aux associations.<\/strong><\/p>\n<p><strong>\u00a0<\/strong>Subventions aux associations \u2013 Clamart sarbacane (500\u20ac), Tae Kwon Do (3,5 k), Plong\u00e9e (1,5\u20ac), Harmonie (600\u20ac), Arm\u00e9nie (1,110 \u20ac), Vieux th\u00e9\u00e2tre (3K), Clamart commerces artisans (3K).<\/p>\n<p><span style=\"color: #ff0000;\">Au dernier conseil municipal, nous disions que nous avions, \u00e0 chaque s\u00e9ance, des \u00e9l\u00e9ments nouveaux qui nous confortaient dans notre m\u00e9fiance sur la politique de cette municipalit\u00e9 sur la question des subventions aux associations. Nous verrons, avec la question orale que nous poserons tout \u00e0 l&rsquo;heure, que c\u2019est encore le cas aujourd&rsquo;hui. Pour autant, nous ne franchirons pas le cap du vote contre, et continuerons de nous abstenir.<\/span><\/p>\n<p><span style=\"color: #ff0000;\">Tout \u00e0 l&rsquo;heure, le maire a dit\u00a0: \u00ab\u00a0Tout ce que nous avons dit, nous l\u2019avons fait\u00a0\u00bb. Or, dans son programme pour les \u00e9lections de 2014, il y avait la deuxi\u00e8me heure de stationnement gratuite. C\u2019est donc une promesse non tenue. Ici, c\u2019est l\u2019association \u00ab\u00a0Clamart commerces artisans\u00a0\u00bb, qui demande une subvention pour offrir cette deuxi\u00e8me heure gratuite \u00e0 l\u2019occasion du march\u00e9 gourmand et du march\u00e9 de No\u00ebl.<\/span><\/p>\n<p><span style=\"color: #0000ff;\">Le maire r\u00e9pond, non sans une certaine ironie, que c\u2019est donc une promesse tenue.<\/span><\/p>\n<p><strong>Le groupe <em>Clamart Citoyenne<\/em> vote ABSTENTION.<\/strong><\/p>\n<p><strong>Remarque<br \/>\n<\/strong><span style=\"color: #000000;\"><em>Le maire a d\u00e9cid\u00e9ment une interpr\u00e9tation des faits tr\u00e8s personnelle. Les Clamartois avaient compris sa promesse de campagne comme p\u00e9renne. Ici, il ne s\u2019agit que de 4 jours par an\u00a0!<\/em><\/span><\/p>\n<h1><span id=\"jf\" class=\"sta-anchor \" aria-hidden=\"true\"><\/span>JEUNESSE\/FAMILLES<\/h1>\n<h3><strong>Question n\u00b017 de l\u2019ordre du jour<\/strong><\/h3>\n<p><strong>Adh\u00e9sion \u00e0 l\u2019Institut de formation, d\u2019animation et de conseil (IFAC 92).<\/strong><\/p>\n<p><strong>Le groupe <em>Clamart Citoyenne<\/em> vote POUR.<\/strong><\/p>\n<h1><span id=\"per\" class=\"sta-anchor \" aria-hidden=\"true\"><\/span>PERSONNEL<\/h1>\n<h3><strong>Question n\u00b018 de l\u2019ordre du jour<\/strong><\/h3>\n<p><strong>Modification du tableau des emplois de la Ville.<\/strong><\/p>\n<p><strong>Le groupe <em>Clamart Citoyenne<\/em> vote POUR.<\/strong><\/p>\n<p><strong>Remarque<\/strong><br \/>\n<em>Il n\u2019y a que des cr\u00e9ations d\u2019emploi, justifi\u00e9es. C\u2019est pourquoi nous sommes favorables.<\/em><\/p>\n<h3><strong>Question n\u00b019 de l\u2019ordre du jour<\/strong><\/h3>\n<p><strong>Renouvellement de la mise \u00e0 disposition d\u2019un agent aupr\u00e8s de la Pr\u00e9sidence de la R\u00e9publique, en qualit\u00e9 de jardinier \u00e0 compter du 1<sup>er<\/sup> septembre 2019.<\/strong><\/p>\n<p>Monsieur M. est mis \u00e0 disposition aupr\u00e8s de la Pr\u00e9sidence de la R\u00e9publique, en qualit\u00e9 de jardinier, depuis le 1er mai 2015. Cette mise \u00e0 disposition a d\u00e9j\u00e0 \u00e9t\u00e9 renouvel\u00e9e le 15 mai 2017 jusqu\u2019au 31 ao\u00fbt 2019.<\/p>\n<p><strong>Le groupe <em>Clamart Citoyenne<\/em> vote POUR.<\/strong><\/p>\n<h1><span id=\"qo\" class=\"sta-anchor \" aria-hidden=\"true\"><\/span>QUESTION ORALE<\/h1>\n<p><strong>Question de Pierre Carrive au sujet d&rsquo;un incident au forum des associations<\/strong><\/p>\n<p><span style=\"color: #ff0000;\">Monsieur le Maire,<\/span><\/p>\n<p><span style=\"color: #ff0000;\">Lors du dernier forum des associations, le 7 septembre 2019, un \u00a0incident a eu lieu, qui a choqu\u00e9 les personnes qui y ont assist\u00e9, et \u00a0qui a concern\u00e9 les stands de plusieurs associations. Ceux qui tenaient ces stands ont eu la visite de quelqu&rsquo;un, qui s\u2019est av\u00e9r\u00e9 \u00eatre votre adjoint \u00e0 la vie associative, mais que tous, peu impliqu\u00e9s dans la vie politique clamartoise, n\u2019ont pas identifi\u00e9 comme tel. Il a bouscul\u00e9 une personne assise devant l\u2019un des stands, \u00a0d\u00e9plac\u00e9, d\u2019autorit\u00e9 et sans y \u00eatre invit\u00e9, des objets sur les tables pour faire prendre des photos des documents pr\u00e9sent\u00e9s.<\/span><\/p>\n<p><span style=\"color: #ff0000;\">Parmi ceux-ci, \u00a0il y avait un tract commun \u00e0 trois associations, pour une op\u00e9ration de \u00a0sensibilisation \u00e0 la protection de la for\u00eat de Clamart, que ces associations estimaient mise en danger par un projet de la \u00a0municipalit\u00e9 de Clamart. A noter que, pour que le public puisse se \u00a0faire sa propre opinion, la r\u00e9ponse de M. Devedjian, pr\u00e9sident du \u00a0conseil d\u00e9partemental, \u00e0 la lettre que ces associations lui avaient \u00a0envoy\u00e9e suite \u00e0 la manifestation annonc\u00e9e sur ce tract collectif, \u00a0\u00e9tait \u00e9galement expos\u00e9e sur les trois stands. Cet adjoint n&rsquo;en a pas \u00a0moins d\u00e9clar\u00e9 que les associations concern\u00e9es <strong>n\u2019auraient pas de stand \u00a0au forum des associations l\u2019ann\u00e9e suivante, au motif que le tract en \u00a0question serait politique<\/strong>. Que ce tract ait un caract\u00e8re politique, dans le sens le plus profond \u00a0du terme, est une \u00e9vidence. C\u2019\u00e9tait le cas d\u2019un nombre tr\u00e8s important de documents distribu\u00e9s ou propos\u00e9s \u00e0 ce forum.<\/span><\/p>\n<p><span style=\"color: #ff0000;\">En revanche, il \u00a0<strong>n\u2019avait aucun caract\u00e8re partisan<\/strong>, et n\u2019appelait \u00e0 voter pour ou contre \u00a0personne. Que certains, parmi les responsables de ces associations, \u00a0aient par ailleurs un engagement politique, est en effet une r\u00e9alit\u00e9. C\u2019est le cas de beaucoup d\u2019associations pr\u00e9sentes au forum, et nous \u00a0avons vu plusieurs \u00e9lus municipaux de la majorit\u00e9 tenir des stands ou \u00a0des postes de responsabilit\u00e9s dans d\u2019autres associations, sans que \u00a0cela ne semble, ni \u00e0 vous ni \u00e0 votre adjoint, poser de difficult\u00e9.<\/span><\/p>\n<p><span style=\"color: #ff0000;\">L\u2019objet et les statuts de ces associations sont publics et connus de \u00a0la municipalit\u00e9. Aucun des documents affich\u00e9s ne d\u00e9voilait quoi que ce \u00a0soit qui ne f\u00fbt pas d\u00e9j\u00e0 connu. Il s\u2019agissait simplement pour ces \u00a0associations d\u2019informer les Clamartois de leurs activit\u00e9s, ce qui est \u00a0pr\u00e9cis\u00e9ment le but de ce forum. D&rsquo;autant qu&rsquo;en l\u2019occurrence, il \u00a0s&rsquo;agissait bien d&rsquo;information, et non de propagande.<\/span><\/p>\n<p><span style=\"color: #ff0000;\"><strong>Nous d\u00e9non\u00e7ons de telles pratiques qui ne sont clairement pas \u00a0compatibles avec l\u2019exercice d\u2019une d\u00e9mocratie sereine.<\/strong><\/span><\/p>\n<p><span style=\"color: #ff0000;\"><strong>\u00a0<\/strong>Nous vous \u00a0demandons des explications sur le fait que cet incident ait pu se \u00a0produire, s\u2019il s\u2019agissait d\u2019une initiative personnelle de cet adjoint \u00a0ou s\u2019il agissait sous votre autorit\u00e9, et les mesures que vous comptez \u00a0prendre pour que cela ne soit plus le cas \u00e0 l\u2019avenir.<\/span><\/p>\n<p><span style=\"color: #ff0000;\">Je vous remercie.<\/span><\/p>\n<p><span style=\"color: #0000ff;\"><strong>R\u00e9ponse du maire<\/strong><\/span><\/p>\n<p><span style=\"color: #0000ff;\">C\u2019est une fiction, cela en plus des lettres re\u00e7ues.<\/span><\/p>\n<p><span style=\"color: #0000ff;\">Malgr\u00e9 la charte, les conditions qui n\u2019\u00e9taient pas remplies, les lettres au pr\u00e9fet, \u00e0 ma grande faiblesse j\u2019ai laiss\u00e9 cette association se pr\u00e9senter au Forum contre l\u2019avis de mes services.<\/span><\/p>\n<p><span style=\"color: #0000ff;\">Mais chassez le naturel il revient au galop et elle a contamin\u00e9 ses petits camarades. Il s\u2019est agi d\u2019un tract politique, qui a servi \u00e0 organiser une manifestation contre un projet municipal. Le Forum ne permettra pas aux associations de s\u2019opposer aux projets de la ville. C\u2019est le principe de neutralit\u00e9, ce n\u2019est pas le lieu pour prendre des cartes, faire de la propagande. La charte Forum n\u2019a pas \u00e0 accueillir des manifestations \u00e0 caract\u00e8re politique\u2026 il y a des r\u00e8gles. \u00c9tonnant que ces associations ne connaissent pas le repr\u00e9sentant des associations.<\/span><\/p>\n<p><span style=\"color: #0000ff;\">Ma d\u00e9cision est la suivante : elles ne participeront pas aux prochains forums. Elles ont agi par provocation, de m\u00eame votre intervention est cousue de fil blanc\u2026<\/span><\/p>\n<p><span style=\"color: #0000ff;\">Je vous ai donn\u00e9 l\u2019occasion d\u2019un rendez-vous apais\u00e9. La personne qui a \u00e9t\u00e9 bouscul\u00e9e est d\u2019ailleurs un ancien colistier de 2008.<\/span><\/p>\n<p><strong>Remarque<\/strong><br \/>\n<em>La nature de l&rsquo;incident, grave \u00e0 nos yeux, et la teneur de la r\u00e9ponse du maire n&rsquo;appellent pas de commentaires suppl\u00e9mentaires. Les faits parlent d&rsquo;eux-m\u00eames, ils t\u00e9moignent d&rsquo;une d\u00e9rive inqui\u00e9tante dans les pratiques, les m\u00e9thodes, employ\u00e9es par cette municipalit\u00e9. Comme le dit si bien le maire \u00ab\u00a0chassez le naturel&#8230;\u00a0\u00bb : l&rsquo;expression semble particuli\u00e8rement bien lui convenir.<\/em><\/p>\n\n<div class=\"twitter-share\"><a href=\"https:\/\/twitter.com\/intent\/tweet?via=clamartcitoy\" class=\"twitter-share-button\">Tweet<\/a><\/div>\n","protected":false},"excerpt":{"rendered":"<p>ORDRE DU JOUR AFFAIRES FINANCI\u00c8RES AFFAIRES FONCI\u00c8RES\/URBANISME VIE ASSOCIATIVE JEUNESSE\/FAMILLES PERSONNEL QUESTION ORALE<\/p>\n","protected":false},"author":1,"featured_media":0,"comment_status":"open","ping_status":"open","sticky":false,"template":"","format":"standard","meta":{"advgb_blocks_editor_width":"","advgb_blocks_columns_visual_guide":"","_kad_post_transparent":"","_kad_post_title":"","_kad_post_layout":"","_kad_post_sidebar_id":"","_kad_post_content_style":"","_kad_post_vertical_padding":"","_kad_post_feature":"","_kad_post_feature_position":"","_kad_post_header":false,"_kad_post_footer":false,"_kad_post_classname":"","jetpack_post_was_ever_published":false,"_jetpack_newsletter_access":"","_jetpack_dont_email_post_to_subs":false,"_jetpack_newsletter_tier_id":0,"_jetpack_memberships_contains_paywalled_content":false,"_jetpack_memberships_contains_paid_content":false,"footnotes":"","jetpack_publicize_message":"","jetpack_publicize_feature_enabled":true,"jetpack_social_post_already_shared":true,"jetpack_social_options":{"image_generator_settings":{"template":"highway","default_image_id":0,"font":"","enabled":false},"version":2}},"categories":[1],"tags":[287,577,147,575,6,71,415,440,124,578,207,576],"class_list":["post-30617","post","type-post","status-publish","format-standard","hentry","category-uncategorized","tag-associations","tag-bourcilliere","tag-budget","tag-comptable","tag-conseil-municipal","tag-democratie","tag-forum","tag-panorama","tag-parkings","tag-perthuis","tag-transparence","tag-tresor"],"author_meta":{"display_name":"CCadminWP","author_link":"https:\/\/clamart-citoyenne.fr\/?author=1"},"featured_img":null,"jetpack_publicize_connections":[],"jetpack_featured_media_url":"","coauthors":[],"tax_additional":{"categories":{"linked":["<a href=\"https:\/\/clamart-citoyenne.fr\/?cat=1\" class=\"advgb-post-tax-term\">Uncategorized<\/a>"],"unlinked":["<span class=\"advgb-post-tax-term\">Uncategorized<\/span>"]},"tags":{"linked":["<a href=\"https:\/\/clamart-citoyenne.fr\/?cat=1\" class=\"advgb-post-tax-term\">Associations<\/a>","<a href=\"https:\/\/clamart-citoyenne.fr\/?cat=1\" class=\"advgb-post-tax-term\">Bourcilli\u00e8re<\/a>","<a href=\"https:\/\/clamart-citoyenne.fr\/?cat=1\" class=\"advgb-post-tax-term\">Budget<\/a>","<a href=\"https:\/\/clamart-citoyenne.fr\/?cat=1\" class=\"advgb-post-tax-term\">Comptable<\/a>","<a href=\"https:\/\/clamart-citoyenne.fr\/?cat=1\" class=\"advgb-post-tax-term\">Conseil municipal<\/a>","<a href=\"https:\/\/clamart-citoyenne.fr\/?cat=1\" class=\"advgb-post-tax-term\">D\u00e9mocratie<\/a>","<a href=\"https:\/\/clamart-citoyenne.fr\/?cat=1\" class=\"advgb-post-tax-term\">Forum<\/a>","<a href=\"https:\/\/clamart-citoyenne.fr\/?cat=1\" class=\"advgb-post-tax-term\">Panorama<\/a>","<a href=\"https:\/\/clamart-citoyenne.fr\/?cat=1\" class=\"advgb-post-tax-term\">Parkings<\/a>","<a href=\"https:\/\/clamart-citoyenne.fr\/?cat=1\" class=\"advgb-post-tax-term\">Perthuis<\/a>","<a href=\"https:\/\/clamart-citoyenne.fr\/?cat=1\" class=\"advgb-post-tax-term\">Transparence<\/a>","<a href=\"https:\/\/clamart-citoyenne.fr\/?cat=1\" class=\"advgb-post-tax-term\">Tr\u00e9sor<\/a>"],"unlinked":["<span class=\"advgb-post-tax-term\">Associations<\/span>","<span class=\"advgb-post-tax-term\">Bourcilli\u00e8re<\/span>","<span class=\"advgb-post-tax-term\">Budget<\/span>","<span class=\"advgb-post-tax-term\">Comptable<\/span>","<span class=\"advgb-post-tax-term\">Conseil municipal<\/span>","<span class=\"advgb-post-tax-term\">D\u00e9mocratie<\/span>","<span class=\"advgb-post-tax-term\">Forum<\/span>","<span class=\"advgb-post-tax-term\">Panorama<\/span>","<span class=\"advgb-post-tax-term\">Parkings<\/span>","<span class=\"advgb-post-tax-term\">Perthuis<\/span>","<span class=\"advgb-post-tax-term\">Transparence<\/span>","<span class=\"advgb-post-tax-term\">Tr\u00e9sor<\/span>"]}},"comment_count":"2","relative_dates":{"created":"Publi\u00e9 7 ans il y a","modified":"Mis \u00e0 jour 6 ans il y a"},"absolute_dates":{"created":"Publi\u00e9 le 09\/10\/2019","modified":"Mise \u00e0 jour le 03\/09\/2020"},"absolute_dates_time":{"created":"Publi\u00e9 le 09\/10\/2019 17:13","modified":"Mise \u00e0 jour le 03\/09\/2020 13:08"},"featured_img_caption":"","series_order":"","jetpack_sharing_enabled":true,"jetpack_shortlink":"https:\/\/wp.me\/p7cbn9-7XP","jetpack_likes_enabled":true,"_links":{"self":[{"href":"https:\/\/clamart-citoyenne.fr\/index.php?rest_route=\/wp\/v2\/posts\/30617","targetHints":{"allow":["GET"]}}],"collection":[{"href":"https:\/\/clamart-citoyenne.fr\/index.php?rest_route=\/wp\/v2\/posts"}],"about":[{"href":"https:\/\/clamart-citoyenne.fr\/index.php?rest_route=\/wp\/v2\/types\/post"}],"author":[{"embeddable":true,"href":"https:\/\/clamart-citoyenne.fr\/index.php?rest_route=\/wp\/v2\/users\/1"}],"replies":[{"embeddable":true,"href":"https:\/\/clamart-citoyenne.fr\/index.php?rest_route=%2Fwp%2Fv2%2Fcomments&post=30617"}],"version-history":[{"count":23,"href":"https:\/\/clamart-citoyenne.fr\/index.php?rest_route=\/wp\/v2\/posts\/30617\/revisions"}],"predecessor-version":[{"id":30650,"href":"https:\/\/clamart-citoyenne.fr\/index.php?rest_route=\/wp\/v2\/posts\/30617\/revisions\/30650"}],"wp:attachment":[{"href":"https:\/\/clamart-citoyenne.fr\/index.php?rest_route=%2Fwp%2Fv2%2Fmedia&parent=30617"}],"wp:term":[{"taxonomy":"category","embeddable":true,"href":"https:\/\/clamart-citoyenne.fr\/index.php?rest_route=%2Fwp%2Fv2%2Fcategories&post=30617"},{"taxonomy":"post_tag","embeddable":true,"href":"https:\/\/clamart-citoyenne.fr\/index.php?rest_route=%2Fwp%2Fv2%2Ftags&post=30617"}],"curies":[{"name":"wp","href":"https:\/\/api.w.org\/{rel}","templated":true}]}}