{"id":30745,"date":"2020-03-04T09:13:02","date_gmt":"2020-03-04T08:13:02","guid":{"rendered":"http:\/\/clamart-citoyenne.fr\/?p=30745"},"modified":"2020-03-04T09:13:02","modified_gmt":"2020-03-04T08:13:02","slug":"fideles-a-nos-valeurs","status":"publish","type":"post","link":"https:\/\/clamart-citoyenne.fr\/?p=30745","title":{"rendered":"Fid\u00e8les \u00e0 nos valeurs"},"content":{"rendered":"<p><em><strong>(Tribune\u00a0publi\u00e9e dans<\/strong><\/em><em><strong> Clamart-infos n\u00b0187 mars 2020)<\/strong><\/em><\/p>\n<p>D\u00e8s l\u2019ouverture de cette mandature <em>Clamart Citoyenne<\/em> avait annonc\u00e9 son intention de tenir un r\u00f4le d\u2019opposition constructive. Pendant 6 ans, nous l\u2019avons fait, en d\u00e9pit du comportement du maire de Clamart, de sa volont\u00e9 de ne jamais r\u00e9pondre \u00e0 nos questions, de caricaturer nos interventions, de ses incessants proc\u00e8s d\u2019intention, des convocations toujours envoy\u00e9es \u00e0 l\u2019extr\u00eame limite l\u00e9gale (5 jours francs)\u2026<\/p>\n<p>Nous avons malgr\u00e9 tout men\u00e9 notre mandat \u00e0 son terme, tenu nos engagements, n\u2019avons eu de cesse de rappeler les valeurs qui nous animaient (D\u00e9mocratie, Solidarit\u00e9, \u00c9cologie) et toujours rendu compte de notre travail au service des Clamartois, notamment dans les comptes rendus des conseils municipaux syst\u00e9matiquement publi\u00e9s sur notre site.<br \/>\nUne p\u00e9riode s\u2019ach\u00e8ve, qui aura durement marqu\u00e9 notre ville. Une nouvelle \u00e8re s\u2019annonce, qui doit nous redonner de l\u2019espoir.<\/p>\n<p id=\"rEyCwtx\"><img loading=\"lazy\" decoding=\"async\" class=\"wp-image-30813  aligncenter\" src=\"http:\/\/clamart-citoyenne.fr\/wp-content\/uploads\/2020\/03\/img_5e5f62e805a66.png\" alt=\"\" width=\"509\" height=\"199\" srcset=\"https:\/\/clamart-citoyenne.fr\/wp-content\/uploads\/2020\/03\/img_5e5f62e805a66.png 877w, https:\/\/clamart-citoyenne.fr\/wp-content\/uploads\/2020\/03\/img_5e5f62e805a66-300x117.png 300w, https:\/\/clamart-citoyenne.fr\/wp-content\/uploads\/2020\/03\/img_5e5f62e805a66-768x300.png 768w\" sizes=\"auto, (max-width: 509px) 100vw, 509px\" \/><\/p>\n\n<div class=\"twitter-share\"><a href=\"https:\/\/twitter.com\/intent\/tweet?via=clamartcitoy\" class=\"twitter-share-button\">Tweet<\/a><\/div>\n","protected":false},"excerpt":{"rendered":"<p>(Tribune\u00a0publi\u00e9e dans Clamart-infos n\u00b0187 mars 2020) D\u00e8s l\u2019ouverture de cette mandature Clamart Citoyenne avait annonc\u00e9 son intention de tenir un r\u00f4le d\u2019opposition constructive. Pendant 6 ans, nous l\u2019avons fait, en d\u00e9pit du comportement du maire de Clamart, de sa volont\u00e9 de ne jamais r\u00e9pondre \u00e0 nos questions, de caricaturer nos interventions, de ses incessants proc\u00e8s&#8230;<\/p>\n","protected":false},"author":1,"featured_media":0,"comment_status":"open","ping_status":"open","sticky":false,"template":"","format":"standard","meta":{"advgb_blocks_editor_width":"","advgb_blocks_columns_visual_guide":"","_kad_post_transparent":"","_kad_post_title":"","_kad_post_layout":"","_kad_post_sidebar_id":"","_kad_post_content_style":"","_kad_post_vertical_padding":"","_kad_post_feature":"","_kad_post_feature_position":"","_kad_post_header":false,"_kad_post_footer":false,"_kad_post_classname":"","jetpack_post_was_ever_published":false,"_jetpack_newsletter_access":"","_jetpack_dont_email_post_to_subs":false,"_jetpack_newsletter_tier_id":0,"_jetpack_memberships_contains_paywalled_content":false,"_jetpack_memberships_contains_paid_content":false,"footnotes":"","jetpack_publicize_message":"","jetpack_publicize_feature_enabled":true,"jetpack_social_post_already_shared":true,"jetpack_social_options":{"image_generator_settings":{"template":"highway","default_image_id":0,"font":"","enabled":false},"version":2}},"categories":[1],"tags":[71,16,25,66,501],"class_list":["post-30745","post","type-post","status-publish","format-standard","hentry","category-uncategorized","tag-democratie","tag-ecologie","tag-solidarite","tag-tribune","tag-valeurs"],"author_meta":{"display_name":"CCadminWP","author_link":"https:\/\/clamart-citoyenne.fr\/?author=1"},"featured_img":null,"jetpack_publicize_connections":[],"jetpack_featured_media_url":"","coauthors":[],"tax_additional":{"categories":{"linked":["<a href=\"https:\/\/clamart-citoyenne.fr\/?cat=1\" class=\"advgb-post-tax-term\">Uncategorized<\/a>"],"unlinked":["<span class=\"advgb-post-tax-term\">Uncategorized<\/span>"]},"tags":{"linked":["<a href=\"https:\/\/clamart-citoyenne.fr\/?cat=1\" class=\"advgb-post-tax-term\">D\u00e9mocratie<\/a>","<a href=\"https:\/\/clamart-citoyenne.fr\/?cat=1\" class=\"advgb-post-tax-term\">\u00c9cologie<\/a>","<a href=\"https:\/\/clamart-citoyenne.fr\/?cat=1\" class=\"advgb-post-tax-term\">Solidarit\u00e9<\/a>","<a href=\"https:\/\/clamart-citoyenne.fr\/?cat=1\" class=\"advgb-post-tax-term\">Tribune<\/a>","<a href=\"https:\/\/clamart-citoyenne.fr\/?cat=1\" class=\"advgb-post-tax-term\">Valeurs<\/a>"],"unlinked":["<span class=\"advgb-post-tax-term\">D\u00e9mocratie<\/span>","<span class=\"advgb-post-tax-term\">\u00c9cologie<\/span>","<span class=\"advgb-post-tax-term\">Solidarit\u00e9<\/span>","<span class=\"advgb-post-tax-term\">Tribune<\/span>","<span class=\"advgb-post-tax-term\">Valeurs<\/span>"]}},"comment_count":"1","relative_dates":{"created":"Publi\u00e9 6 ans il y a","modified":"Mis \u00e0 jour 6 ans il y a"},"absolute_dates":{"created":"Publi\u00e9 le 04\/03\/2020","modified":"Mise \u00e0 jour le 04\/03\/2020"},"absolute_dates_time":{"created":"Publi\u00e9 le 04\/03\/2020 09:13","modified":"Mise \u00e0 jour le 04\/03\/2020 09:13"},"featured_img_caption":"","series_order":"","jetpack_sharing_enabled":true,"jetpack_shortlink":"https:\/\/wp.me\/p7cbn9-7ZT","jetpack_likes_enabled":true,"_links":{"self":[{"href":"https:\/\/clamart-citoyenne.fr\/index.php?rest_route=\/wp\/v2\/posts\/30745","targetHints":{"allow":["GET"]}}],"collection":[{"href":"https:\/\/clamart-citoyenne.fr\/index.php?rest_route=\/wp\/v2\/posts"}],"about":[{"href":"https:\/\/clamart-citoyenne.fr\/index.php?rest_route=\/wp\/v2\/types\/post"}],"author":[{"embeddable":true,"href":"https:\/\/clamart-citoyenne.fr\/index.php?rest_route=\/wp\/v2\/users\/1"}],"replies":[{"embeddable":true,"href":"https:\/\/clamart-citoyenne.fr\/index.php?rest_route=%2Fwp%2Fv2%2Fcomments&post=30745"}],"version-history":[{"count":3,"href":"https:\/\/clamart-citoyenne.fr\/index.php?rest_route=\/wp\/v2\/posts\/30745\/revisions"}],"predecessor-version":[{"id":30814,"href":"https:\/\/clamart-citoyenne.fr\/index.php?rest_route=\/wp\/v2\/posts\/30745\/revisions\/30814"}],"wp:attachment":[{"href":"https:\/\/clamart-citoyenne.fr\/index.php?rest_route=%2Fwp%2Fv2%2Fmedia&parent=30745"}],"wp:term":[{"taxonomy":"category","embeddable":true,"href":"https:\/\/clamart-citoyenne.fr\/index.php?rest_route=%2Fwp%2Fv2%2Fcategories&post=30745"},{"taxonomy":"post_tag","embeddable":true,"href":"https:\/\/clamart-citoyenne.fr\/index.php?rest_route=%2Fwp%2Fv2%2Ftags&post=30745"}],"curies":[{"name":"wp","href":"https:\/\/api.w.org\/{rel}","templated":true}]}}