{"id":31536,"date":"2021-02-18T10:19:30","date_gmt":"2021-02-18T08:19:30","guid":{"rendered":"http:\/\/clamart-citoyenne.fr\/?p=31536"},"modified":"2021-02-18T10:19:34","modified_gmt":"2021-02-18T08:19:34","slug":"au-conseil-municipal-du-11-fevrier-2021-en-bref","status":"publish","type":"post","link":"https:\/\/clamart-citoyenne.fr\/?p=31536","title":{"rendered":"Au conseil municipal du 11 f\u00e9vrier 2021 &#8211; En bref"},"content":{"rendered":"\n<p><strong>Le grand vide du d\u00e9veloppement durable<\/strong><\/p>\n\n\n\n<p>Une couverture avec une image de b\u00e9ton et de voitures, 3 pages sur la vid\u00e9o-surveillance et la police contre 3 lignes sur le patrimoine arbor\u00e9 \u2026 voil\u00e0 la teneur en quelques mots du rapport sur le D\u00e9veloppement Durable \u00e0 Clamart.<\/p>\n\n\n\n<p>L\u2019ensemble du conseil municipal, y compris la majorit\u00e9, convient qu\u2019il est tr\u00e8s insatisfaisant. <\/p>\n\n\n\n<p>N\u2019est-ce pas l\u00e0 le constat de la derni\u00e8re mandature&nbsp;? Le plus effrayant pourtant est qu\u2019il ne contient aucun mot sur les orientations \u00e0 venir, pas une ligne sur une quelconque ambition en dehors de la quatri\u00e8me fleur \u2026. Le vide sid\u00e9ral, alors que tous les voyants sont au rouge et qu\u2019il est urgent d\u2019agir pour lutter contre le r\u00e9chauffement climatique. Ce rapport est la preuve du manque total de vision et d\u2019id\u00e9es de l\u2019ex\u00e9cutif municipal en la mati\u00e8re.<\/p>\n\n\n\n<figure class=\"wp-block-image size-large is-resized\"><a href=\"http:\/\/clamart-citoyenne.fr\/wp-content\/uploads\/2021\/02\/image-1.png\"><img loading=\"lazy\" decoding=\"async\" src=\"http:\/\/clamart-citoyenne.fr\/wp-content\/uploads\/2021\/02\/image-1.png\" alt=\"\" class=\"wp-image-31540\" width=\"278\" height=\"185\" srcset=\"https:\/\/clamart-citoyenne.fr\/wp-content\/uploads\/2021\/02\/image-1.png 326w, https:\/\/clamart-citoyenne.fr\/wp-content\/uploads\/2021\/02\/image-1-300x200.png 300w\" sizes=\"auto, (max-width: 278px) 100vw, 278px\" \/><\/a><\/figure>\n\n\n\n<p><strong>&nbsp;<\/strong><strong>Pas de violences <\/strong><strong>faites aux femmes en 2019 \u00e0 Clamart ? <\/strong><\/p>\n\n\n\n<p>Le rapport annuel obligatoire pour la mairie sur ses actions vis-\u00e0-vis de l\u2019\u00e9galit\u00e9 femmes-hommes a \u00e9t\u00e9 communiqu\u00e9. Malheureusement, pour les femmes victimes de violence, nous n\u2019y avons trouv\u00e9 aucune initiative. Z\u00e9ro. Un groupe de travail s\u2019est r\u00e9uni une fois d\u00e9but 2019, puis plus rien. Il n\u2019y a visiblement aucune volont\u00e9 politique d\u2019agir dans ce domaine. Comme nous le savons tous, pendant le confinement les violences conjugales ont explos\u00e9, alors que les structures d\u2019accueil \u00e9taient ferm\u00e9es. Des mairies ont mis en place en urgence et ont communiqu\u00e9 activement sur des \u00ab&nbsp;lieux refuges&nbsp;\u00bb possibles. A Clamart, il n\u2019y a eu qu\u2019un sujet de communication pendant toute cette p\u00e9riode: la r\u00e9ception de masques par le Maire\u2026<\/p>\n\n\n\n<figure class=\"wp-block-image size-large is-resized\"><a href=\"http:\/\/clamart-citoyenne.fr\/wp-content\/uploads\/2021\/02\/image-2.png\"><img loading=\"lazy\" decoding=\"async\" src=\"http:\/\/clamart-citoyenne.fr\/wp-content\/uploads\/2021\/02\/image-2.png\" alt=\"\" class=\"wp-image-31541\" width=\"281\" height=\"166\" srcset=\"https:\/\/clamart-citoyenne.fr\/wp-content\/uploads\/2021\/02\/image-2.png 325w, https:\/\/clamart-citoyenne.fr\/wp-content\/uploads\/2021\/02\/image-2-300x177.png 300w\" sizes=\"auto, (max-width: 281px) 100vw, 281px\" \/><\/a><\/figure>\n\n\n\n<p><strong>D\u00e9bat d&rsquo;orientation budg\u00e9taire : la mauvaise gestion de la ville en 3 indicateurs<\/strong><\/p>\n\n\n\n<ol class=\"wp-block-list\"><li>Entre 2015 et 2019, l&rsquo;endettement de la ville de Clamart s&rsquo;est aggrav\u00e9 passant de 101 \u00e0 109 M\u20ac, atteignant 2035\u20ac par Clamartois&nbsp;soit 317\u20ac suppl\u00e9mentaire.<\/li><li>La capacit\u00e9 de d\u00e9sendettement de la ville, si nous d\u00e9cidions d\u2019utiliser l\u2019ensemble des exc\u00e9dents de fonctionnement de la ville sur une ann\u00e9e, nous aurions mis 11 ans \u00e0 rembourser notre dette en 2015, quatre ans plus tard en 2019, cela prendrait 47 ans.<\/li><li>La capacit\u00e9 d\u2019autofinancement (CAF) qui traduit la capacit\u00e9 de la ville \u00e0 pouvoir rembourser ses dettes et financer les \u00e9quipements futurs sans avoir recours \u00e0 l\u2019emprunt&nbsp;; eh bien&nbsp;cette CAF est n\u00e9gative de 2M\u20ac cette ann\u00e9e. Il n&rsquo;est donc plus possible pour les banques d&rsquo;\u00e9valuer la solvabilit\u00e9 de la ville de Clamart car il devient impossible de calculer notre capacit\u00e9 de d\u00e9sendettement.<\/li><\/ol>\n\n\n\n<div class=\"wp-block-image\"><figure class=\"aligncenter size-large\"><a href=\"http:\/\/clamart-citoyenne.fr\/wp-content\/uploads\/2021\/02\/image-4.png\"><img loading=\"lazy\" decoding=\"async\" width=\"604\" height=\"351\" src=\"http:\/\/clamart-citoyenne.fr\/wp-content\/uploads\/2021\/02\/image-4.png\" alt=\"\" class=\"wp-image-31543\" srcset=\"https:\/\/clamart-citoyenne.fr\/wp-content\/uploads\/2021\/02\/image-4.png 604w, https:\/\/clamart-citoyenne.fr\/wp-content\/uploads\/2021\/02\/image-4-300x174.png 300w\" sizes=\"auto, (max-width: 604px) 100vw, 604px\" \/><\/a><\/figure><\/div>\n\n<div class=\"twitter-share\"><a href=\"https:\/\/twitter.com\/intent\/tweet?via=clamartcitoy\" class=\"twitter-share-button\">Tweet<\/a><\/div>\n","protected":false},"excerpt":{"rendered":"<p>Le grand vide du d\u00e9veloppement durable Une couverture avec une image de b\u00e9ton et de voitures, 3 pages sur la vid\u00e9o-surveillance et la police contre 3 lignes sur le patrimoine arbor\u00e9 \u2026 voil\u00e0 la teneur en quelques mots du rapport sur le D\u00e9veloppement Durable \u00e0 Clamart. L\u2019ensemble du conseil municipal, y compris la majorit\u00e9, convient&#8230;<\/p>\n","protected":false},"author":1,"featured_media":31540,"comment_status":"open","ping_status":"open","sticky":false,"template":"","format":"standard","meta":{"advgb_blocks_editor_width":"","advgb_blocks_columns_visual_guide":"","_kad_post_transparent":"","_kad_post_title":"","_kad_post_layout":"","_kad_post_sidebar_id":"","_kad_post_content_style":"","_kad_post_vertical_padding":"","_kad_post_feature":"","_kad_post_feature_position":"","_kad_post_header":false,"_kad_post_footer":false,"_kad_post_classname":"","jetpack_post_was_ever_published":false,"_jetpack_newsletter_access":"","_jetpack_dont_email_post_to_subs":false,"_jetpack_newsletter_tier_id":0,"_jetpack_memberships_contains_paywalled_content":false,"_jetpack_memberships_contains_paid_content":false,"footnotes":"","jetpack_publicize_message":"","jetpack_publicize_feature_enabled":true,"jetpack_social_post_already_shared":true,"jetpack_social_options":{"image_generator_settings":{"template":"highway","default_image_id":0,"font":"","enabled":false},"version":2}},"categories":[1],"tags":[147,6,609,136,750,105,751,752,749],"class_list":["post-31536","post","type-post","status-publish","format-standard","has-post-thumbnail","hentry","category-uncategorized","tag-budget","tag-conseil-municipal","tag-dette","tag-developpement-durable","tag-dob","tag-femmes","tag-gestion","tag-mauvaise","tag-violences"],"author_meta":{"display_name":"CCadminWP","author_link":"https:\/\/clamart-citoyenne.fr\/?author=1"},"featured_img":"https:\/\/clamart-citoyenne.fr\/wp-content\/uploads\/2021\/02\/image-1-300x200.png","jetpack_publicize_connections":[],"jetpack_featured_media_url":"https:\/\/clamart-citoyenne.fr\/wp-content\/uploads\/2021\/02\/image-1.png","coauthors":[],"tax_additional":{"categories":{"linked":["<a href=\"https:\/\/clamart-citoyenne.fr\/?cat=1\" class=\"advgb-post-tax-term\">Uncategorized<\/a>"],"unlinked":["<span class=\"advgb-post-tax-term\">Uncategorized<\/span>"]},"tags":{"linked":["<a href=\"https:\/\/clamart-citoyenne.fr\/?cat=1\" class=\"advgb-post-tax-term\">Budget<\/a>","<a href=\"https:\/\/clamart-citoyenne.fr\/?cat=1\" class=\"advgb-post-tax-term\">Conseil municipal<\/a>","<a href=\"https:\/\/clamart-citoyenne.fr\/?cat=1\" class=\"advgb-post-tax-term\">Dette<\/a>","<a href=\"https:\/\/clamart-citoyenne.fr\/?cat=1\" class=\"advgb-post-tax-term\">D\u00e9veloppement Durable<\/a>","<a href=\"https:\/\/clamart-citoyenne.fr\/?cat=1\" class=\"advgb-post-tax-term\">DOB<\/a>","<a href=\"https:\/\/clamart-citoyenne.fr\/?cat=1\" class=\"advgb-post-tax-term\">Femmes<\/a>","<a href=\"https:\/\/clamart-citoyenne.fr\/?cat=1\" class=\"advgb-post-tax-term\">Gestion<\/a>","<a href=\"https:\/\/clamart-citoyenne.fr\/?cat=1\" class=\"advgb-post-tax-term\">Mauvaise<\/a>","<a href=\"https:\/\/clamart-citoyenne.fr\/?cat=1\" class=\"advgb-post-tax-term\">Violences<\/a>"],"unlinked":["<span class=\"advgb-post-tax-term\">Budget<\/span>","<span class=\"advgb-post-tax-term\">Conseil municipal<\/span>","<span class=\"advgb-post-tax-term\">Dette<\/span>","<span class=\"advgb-post-tax-term\">D\u00e9veloppement Durable<\/span>","<span class=\"advgb-post-tax-term\">DOB<\/span>","<span class=\"advgb-post-tax-term\">Femmes<\/span>","<span class=\"advgb-post-tax-term\">Gestion<\/span>","<span class=\"advgb-post-tax-term\">Mauvaise<\/span>","<span class=\"advgb-post-tax-term\">Violences<\/span>"]}},"comment_count":"0","relative_dates":{"created":"Publi\u00e9 5 ans il y a","modified":"Mis \u00e0 jour 5 ans il y a"},"absolute_dates":{"created":"Publi\u00e9 le 18\/02\/2021","modified":"Mise \u00e0 jour le 18\/02\/2021"},"absolute_dates_time":{"created":"Publi\u00e9 le 18\/02\/2021 10:19","modified":"Mise \u00e0 jour le 18\/02\/2021 10:19"},"featured_img_caption":"","series_order":"","jetpack_sharing_enabled":true,"jetpack_shortlink":"https:\/\/wp.me\/p7cbn9-8cE","jetpack_likes_enabled":true,"_links":{"self":[{"href":"https:\/\/clamart-citoyenne.fr\/index.php?rest_route=\/wp\/v2\/posts\/31536","targetHints":{"allow":["GET"]}}],"collection":[{"href":"https:\/\/clamart-citoyenne.fr\/index.php?rest_route=\/wp\/v2\/posts"}],"about":[{"href":"https:\/\/clamart-citoyenne.fr\/index.php?rest_route=\/wp\/v2\/types\/post"}],"author":[{"embeddable":true,"href":"https:\/\/clamart-citoyenne.fr\/index.php?rest_route=\/wp\/v2\/users\/1"}],"replies":[{"embeddable":true,"href":"https:\/\/clamart-citoyenne.fr\/index.php?rest_route=%2Fwp%2Fv2%2Fcomments&post=31536"}],"version-history":[{"count":4,"href":"https:\/\/clamart-citoyenne.fr\/index.php?rest_route=\/wp\/v2\/posts\/31536\/revisions"}],"predecessor-version":[{"id":31545,"href":"https:\/\/clamart-citoyenne.fr\/index.php?rest_route=\/wp\/v2\/posts\/31536\/revisions\/31545"}],"wp:featuredmedia":[{"embeddable":true,"href":"https:\/\/clamart-citoyenne.fr\/index.php?rest_route=\/wp\/v2\/media\/31540"}],"wp:attachment":[{"href":"https:\/\/clamart-citoyenne.fr\/index.php?rest_route=%2Fwp%2Fv2%2Fmedia&parent=31536"}],"wp:term":[{"taxonomy":"category","embeddable":true,"href":"https:\/\/clamart-citoyenne.fr\/index.php?rest_route=%2Fwp%2Fv2%2Fcategories&post=31536"},{"taxonomy":"post_tag","embeddable":true,"href":"https:\/\/clamart-citoyenne.fr\/index.php?rest_route=%2Fwp%2Fv2%2Ftags&post=31536"}],"curies":[{"name":"wp","href":"https:\/\/api.w.org\/{rel}","templated":true}]}}