{"id":31834,"date":"2021-09-03T12:05:17","date_gmt":"2021-09-03T10:05:17","guid":{"rendered":"http:\/\/clamart-citoyenne.fr\/?p=31834"},"modified":"2021-09-03T12:05:17","modified_gmt":"2021-09-03T10:05:17","slug":"tribune-publiee-dans-clamart-infos-n201-septembre-2021","status":"publish","type":"post","link":"https:\/\/clamart-citoyenne.fr\/?p=31834","title":{"rendered":"Tribune publi\u00e9e dans Clamart-infos n\u00b0201 septembre 2021"},"content":{"rendered":"<h2><strong>Clamart et Climat<\/strong><\/h2>\n<p>Inondations en Allemagne et en Belgique, incendies en Gr\u00e8ce et en Turquie, gel au printemps et m\u00e9t\u00e9o estivale anormale partout en France : ces ph\u00e9nom\u00e8nes ont toujours exist\u00e9, mais leur fr\u00e9quence et leur intensit\u00e9<br \/>\naugmentent. Nous le ressentons tous : le d\u00e9r\u00e8glement climatique n\u2019est pas un probl\u00e8me du futur, il est ici et maintenant.<br \/>\nPour lutter \u00e0 notre \u00e9chelle contre les causes, le Territoire s\u2019est dot\u00e9 d\u2019un plan climat air \u00e9nergie (PCAET) sous la houlette de sa vice-pr\u00e9sidente Jacqueline Belhomme. Ce plan est salu\u00e9 par toutes les associations<br \/>\nconcern\u00e9es et nous nous en r\u00e9jouissons. Nous esp\u00e9rons que chacun y trouvera sa fa\u00e7on d\u2019agir, adapt\u00e9e \u00e0 son mode de vie, et que la mairie y participera honorablement.<br \/>\nCependant, notre ville doit se mobiliser pour prot\u00e9ger notre qualit\u00e9 de vie. Il faut d\u00e9simperm\u00e9abiliser les sols pour \u00e9viter les torrents et inondations d\u00e9j\u00e0 constat\u00e9s au centre-ville. Il faut arborer les espaces publics<br \/>\net les \u00e9coles pour combattre les \u00eelots de chaleur. Il faut aider tous les Clamartois \u00e0 se d\u00e9placer en s\u00e9curit\u00e9 avec les mobilit\u00e9s alternatives. Il faut impulser d\u2019autres mani\u00e8res de consommer et d\u00e9velopper l\u2019\u00e9conomie<br \/>\nlocale&#8230; Qu\u2019attend-on \u00e0 Clamart pour enfin commencer ? L\u2019inaction et la b\u00e9tonisation ne sont plus acceptables. Cessons les positions partisanes et pass\u00e9istes, c\u2019est le manque d\u2019\u00e9cologie qui sera punitif.<\/p>\n<h2><strong>T10 annul\u00e9 ?<\/strong><\/h2>\n<p>Le tribunal administratif vient d\u2019annuler la d\u00e9claration d\u2019utilit\u00e9 publique du projet de tramway devant relier le RER d\u2019Antony \u00e0 la Place du Garde de Clamart. Il est demand\u00e9 de \u00ab pr\u00e9voir des mesures appropri\u00e9es pour<br \/>\nr\u00e9duire les effets n\u00e9gatifs du projet sur l\u2019environnement et la sant\u00e9 humaine \u00bb. En effet ce projet comporte, entre autres, la destruction de plusieurs hectares de for\u00eat&#8230; L\u2019absence de pr\u00e9occupation environnementale<br \/>\nest ainsi tacl\u00e9e par le tribunal administratif. Mais les travaux ont commenc\u00e9 : que vont-ils devenir ?<br \/>\nIl est aussi reproch\u00e9 le fait que \u00ab le prolongement jusqu\u2019\u00e0 la gare de Clamart (inclus dans le projet), n\u2019a fait l\u2019objet d\u2019aucune \u00e9tude d\u2019impact \u00bb ! Comment peut-on mal concevoir un projet de tramway au point qu\u2019il ne<br \/>\nsoit pas reconnu d\u2019utilit\u00e9 publique ?<\/p>\n<h2><strong>Rentr\u00e9e scolaire<\/strong><\/h2>\n<p>Nous souhaitons \u00e0 tous les \u00e9l\u00e8ves de Clamart une excellente rentr\u00e9e scolaire. Esp\u00e9rons que les conditions sanitaires permettent aux \u00e9l\u00e8ves d\u2019\u00e9voluer de fa\u00e7on plus sereine dans leurs \u00e9tablissements<br \/>\nNous souhaitons \u00e0 cette occasion la bienvenue aux familles qui viennent d\u2019arriver \u00e0 Clamart, en esp\u00e9rant qu\u2019elles aient toutes des places pour scolariser leurs enfants dans nos \u00e9coles.<\/p>\n<p><strong>Contactez-nous sur Twitter, Facebook et sur <a href=\"http:\/\/clamart-citoyenne.fr\">clamart-citoyenne.fr<\/a><\/strong><\/p>\n<p>&nbsp;<\/p>\n\n<div class=\"twitter-share\"><a href=\"https:\/\/twitter.com\/intent\/tweet?via=clamartcitoy\" class=\"twitter-share-button\">Tweet<\/a><\/div>\n","protected":false},"excerpt":{"rendered":"<p>Clamart et Climat Inondations en Allemagne et en Belgique, incendies en Gr\u00e8ce et en Turquie, gel au printemps et m\u00e9t\u00e9o estivale anormale partout en France : ces ph\u00e9nom\u00e8nes ont toujours exist\u00e9, mais leur fr\u00e9quence et leur intensit\u00e9 augmentent. Nous le ressentons tous : le d\u00e9r\u00e8glement climatique n\u2019est pas un probl\u00e8me du futur, il est ici&#8230;<\/p>\n","protected":false},"author":1,"featured_media":0,"comment_status":"open","ping_status":"open","sticky":false,"template":"","format":"standard","meta":{"advgb_blocks_editor_width":"","advgb_blocks_columns_visual_guide":"","_kad_post_transparent":"","_kad_post_title":"","_kad_post_layout":"","_kad_post_sidebar_id":"","_kad_post_content_style":"","_kad_post_vertical_padding":"","_kad_post_feature":"","_kad_post_feature_position":"","_kad_post_header":false,"_kad_post_footer":false,"_kad_post_classname":"","jetpack_post_was_ever_published":false,"_jetpack_newsletter_access":"","_jetpack_dont_email_post_to_subs":false,"_jetpack_newsletter_tier_id":0,"_jetpack_memberships_contains_paywalled_content":false,"_jetpack_memberships_contains_paid_content":false,"footnotes":"","jetpack_publicize_message":"","jetpack_publicize_feature_enabled":true,"jetpack_social_post_already_shared":true,"jetpack_social_options":{"image_generator_settings":{"template":"highway","default_image_id":0,"font":"","enabled":false},"version":2}},"categories":[1],"tags":[716,842,843,702,663,189,255,66],"class_list":["post-31834","post","type-post","status-publish","format-standard","hentry","category-uncategorized","tag-climat","tag-dup","tag-giec","tag-pcaet","tag-rentree","tag-scolaire","tag-t10","tag-tribune"],"author_meta":{"display_name":"CCadminWP","author_link":"https:\/\/clamart-citoyenne.fr\/?author=1"},"featured_img":null,"jetpack_publicize_connections":[],"jetpack_featured_media_url":"","coauthors":[],"tax_additional":{"categories":{"linked":["<a href=\"https:\/\/clamart-citoyenne.fr\/?cat=1\" class=\"advgb-post-tax-term\">Uncategorized<\/a>"],"unlinked":["<span class=\"advgb-post-tax-term\">Uncategorized<\/span>"]},"tags":{"linked":["<a href=\"https:\/\/clamart-citoyenne.fr\/?cat=1\" class=\"advgb-post-tax-term\">Climat<\/a>","<a href=\"https:\/\/clamart-citoyenne.fr\/?cat=1\" class=\"advgb-post-tax-term\">DUP<\/a>","<a href=\"https:\/\/clamart-citoyenne.fr\/?cat=1\" class=\"advgb-post-tax-term\">GIEC<\/a>","<a href=\"https:\/\/clamart-citoyenne.fr\/?cat=1\" class=\"advgb-post-tax-term\">PCAET<\/a>","<a href=\"https:\/\/clamart-citoyenne.fr\/?cat=1\" class=\"advgb-post-tax-term\">Rentr\u00e9e<\/a>","<a href=\"https:\/\/clamart-citoyenne.fr\/?cat=1\" class=\"advgb-post-tax-term\">Scolaire<\/a>","<a href=\"https:\/\/clamart-citoyenne.fr\/?cat=1\" class=\"advgb-post-tax-term\">T10<\/a>","<a href=\"https:\/\/clamart-citoyenne.fr\/?cat=1\" class=\"advgb-post-tax-term\">Tribune<\/a>"],"unlinked":["<span class=\"advgb-post-tax-term\">Climat<\/span>","<span class=\"advgb-post-tax-term\">DUP<\/span>","<span class=\"advgb-post-tax-term\">GIEC<\/span>","<span class=\"advgb-post-tax-term\">PCAET<\/span>","<span class=\"advgb-post-tax-term\">Rentr\u00e9e<\/span>","<span class=\"advgb-post-tax-term\">Scolaire<\/span>","<span class=\"advgb-post-tax-term\">T10<\/span>","<span class=\"advgb-post-tax-term\">Tribune<\/span>"]}},"comment_count":"1","relative_dates":{"created":"Publi\u00e9 5 ans il y a","modified":"Mis \u00e0 jour 5 ans il y a"},"absolute_dates":{"created":"Publi\u00e9 le 03\/09\/2021","modified":"Mise \u00e0 jour le 03\/09\/2021"},"absolute_dates_time":{"created":"Publi\u00e9 le 03\/09\/2021 12:05","modified":"Mise \u00e0 jour le 03\/09\/2021 12:05"},"featured_img_caption":"","series_order":"","jetpack_sharing_enabled":true,"jetpack_shortlink":"https:\/\/wp.me\/p7cbn9-8hs","jetpack_likes_enabled":true,"_links":{"self":[{"href":"https:\/\/clamart-citoyenne.fr\/index.php?rest_route=\/wp\/v2\/posts\/31834","targetHints":{"allow":["GET"]}}],"collection":[{"href":"https:\/\/clamart-citoyenne.fr\/index.php?rest_route=\/wp\/v2\/posts"}],"about":[{"href":"https:\/\/clamart-citoyenne.fr\/index.php?rest_route=\/wp\/v2\/types\/post"}],"author":[{"embeddable":true,"href":"https:\/\/clamart-citoyenne.fr\/index.php?rest_route=\/wp\/v2\/users\/1"}],"replies":[{"embeddable":true,"href":"https:\/\/clamart-citoyenne.fr\/index.php?rest_route=%2Fwp%2Fv2%2Fcomments&post=31834"}],"version-history":[{"count":2,"href":"https:\/\/clamart-citoyenne.fr\/index.php?rest_route=\/wp\/v2\/posts\/31834\/revisions"}],"predecessor-version":[{"id":31837,"href":"https:\/\/clamart-citoyenne.fr\/index.php?rest_route=\/wp\/v2\/posts\/31834\/revisions\/31837"}],"wp:attachment":[{"href":"https:\/\/clamart-citoyenne.fr\/index.php?rest_route=%2Fwp%2Fv2%2Fmedia&parent=31834"}],"wp:term":[{"taxonomy":"category","embeddable":true,"href":"https:\/\/clamart-citoyenne.fr\/index.php?rest_route=%2Fwp%2Fv2%2Fcategories&post=31834"},{"taxonomy":"post_tag","embeddable":true,"href":"https:\/\/clamart-citoyenne.fr\/index.php?rest_route=%2Fwp%2Fv2%2Ftags&post=31834"}],"curies":[{"name":"wp","href":"https:\/\/api.w.org\/{rel}","templated":true}]}}