{"id":31926,"date":"2021-11-11T16:41:46","date_gmt":"2021-11-11T14:41:46","guid":{"rendered":"http:\/\/clamart-citoyenne.fr\/?p=31926"},"modified":"2021-11-11T16:41:46","modified_gmt":"2021-11-11T14:41:46","slug":"commemoration-de-larmistice-de-1918","status":"publish","type":"post","link":"https:\/\/clamart-citoyenne.fr\/?p=31926","title":{"rendered":"Comm\u00e9moration de l\u2019armistice de 1918"},"content":{"rendered":"<div class=\"kvgmc6g5 cxmmr5t8 oygrvhab hcukyx3x c1et5uql ii04i59q\">\n<div dir=\"auto\"><span class=\"pq6dq46d tbxw36s4 knj5qynh kvgmc6g5 ditlmg2l oygrvhab nvdbi5me sf5mxxl7 gl3lb2sf hhz5lgdu\"><img loading=\"lazy\" decoding=\"async\" src=\"https:\/\/static.xx.fbcdn.net\/images\/emoji.php\/v9\/t74\/1\/16\/1f1eb_1f1f7.png\" alt=\"&#x1f1eb;&#x1f1f7;\" width=\"16\" height=\"16\" \/><\/span> Ce jeudi 11 novembre, Clamart Citoyenne participait \u00e0 la comm\u00e9moration de l\u2019armistice de 1918, repr\u00e9sent\u00e9e par David HUYNH, conseiller municipal.<\/div>\n<div dir=\"auto\"><\/div>\n<\/div>\n<div class=\"o9v6fnle cxmmr5t8 oygrvhab hcukyx3x c1et5uql ii04i59q\">\n<div dir=\"auto\">Cette journ\u00e9e c\u00e9l\u00e8bre la Paix recouvr\u00e9e apr\u00e8s 4 ann\u00e9es de guerre qui auront provoqu\u00e9 un million et demi de morts.<\/div>\n<div dir=\"auto\">Depuis 2012, cette c\u00e9r\u00e9monie est \u00e9galement devenue une journ\u00e9e d\u2019hommage \u00e0 tous les morts pour la France.<\/div>\n<div dir=\"auto\"><\/div>\n<\/div>\n<div class=\"o9v6fnle cxmmr5t8 oygrvhab hcukyx3x c1et5uql ii04i59q\">\n<div dir=\"auto\">Merci aux associations d\u2019anciens combattants et Clamartois pr\u00e9sents.<\/div>\n<div dir=\"auto\">\n<p id=\"GYjLJDC\"><img loading=\"lazy\" decoding=\"async\" class=\" wp-image-31928  aligncenter\" src=\"http:\/\/clamart-citoyenne.fr\/wp-content\/uploads\/2021\/11\/img_618d2b56b1339.png\" alt=\"\" width=\"234\" height=\"507\" srcset=\"https:\/\/clamart-citoyenne.fr\/wp-content\/uploads\/2021\/11\/img_618d2b56b1339.png 591w, https:\/\/clamart-citoyenne.fr\/wp-content\/uploads\/2021\/11\/img_618d2b56b1339-139x300.png 139w, https:\/\/clamart-citoyenne.fr\/wp-content\/uploads\/2021\/11\/img_618d2b56b1339-473x1024.png 473w\" sizes=\"auto, (max-width: 234px) 100vw, 234px\" \/><\/p>\n<p id=\"hESCpbe\"><img loading=\"lazy\" decoding=\"async\" class=\"wp-image-31929  aligncenter\" src=\"http:\/\/clamart-citoyenne.fr\/wp-content\/uploads\/2021\/11\/img_618d2b846bd3b.png\" alt=\"\" width=\"495\" height=\"229\" srcset=\"https:\/\/clamart-citoyenne.fr\/wp-content\/uploads\/2021\/11\/img_618d2b846bd3b.png 1280w, https:\/\/clamart-citoyenne.fr\/wp-content\/uploads\/2021\/11\/img_618d2b846bd3b-300x139.png 300w, https:\/\/clamart-citoyenne.fr\/wp-content\/uploads\/2021\/11\/img_618d2b846bd3b-1024x473.png 1024w, https:\/\/clamart-citoyenne.fr\/wp-content\/uploads\/2021\/11\/img_618d2b846bd3b-768x355.png 768w\" sizes=\"auto, (max-width: 495px) 100vw, 495px\" \/><\/p>\n<\/div>\n<\/div>\n\n<div class=\"twitter-share\"><a href=\"https:\/\/twitter.com\/intent\/tweet?via=clamartcitoy\" class=\"twitter-share-button\">Tweet<\/a><\/div>\n","protected":false},"excerpt":{"rendered":"<p>Ce jeudi 11 novembre, Clamart Citoyenne participait \u00e0 la comm\u00e9moration de l\u2019armistice de 1918, repr\u00e9sent\u00e9e par David HUYNH, conseiller municipal. Cette journ\u00e9e c\u00e9l\u00e8bre la Paix recouvr\u00e9e apr\u00e8s 4 ann\u00e9es de guerre qui auront provoqu\u00e9 un million et demi de morts. Depuis 2012, cette c\u00e9r\u00e9monie est \u00e9galement devenue une journ\u00e9e d\u2019hommage \u00e0 tous les morts pour&#8230;<\/p>\n","protected":false},"author":1,"featured_media":31928,"comment_status":"open","ping_status":"open","sticky":false,"template":"","format":"standard","meta":{"advgb_blocks_editor_width":"","advgb_blocks_columns_visual_guide":"","_kad_post_transparent":"","_kad_post_title":"","_kad_post_layout":"","_kad_post_sidebar_id":"","_kad_post_content_style":"","_kad_post_vertical_padding":"","_kad_post_feature":"","_kad_post_feature_position":"","_kad_post_header":false,"_kad_post_footer":false,"_kad_post_classname":"","jetpack_post_was_ever_published":false,"_jetpack_newsletter_access":"","_jetpack_dont_email_post_to_subs":false,"_jetpack_newsletter_tier_id":0,"_jetpack_memberships_contains_paywalled_content":false,"_jetpack_memberships_contains_paid_content":false,"footnotes":"","jetpack_publicize_message":"","jetpack_publicize_feature_enabled":true,"jetpack_social_post_already_shared":true,"jetpack_social_options":{"image_generator_settings":{"template":"highway","default_image_id":0,"font":"","enabled":false},"version":2}},"categories":[1],"tags":[55,882,57,881,56],"class_list":["post-31926","post","type-post","status-publish","format-standard","has-post-thumbnail","hentry","category-uncategorized","tag-11-novembre","tag-ceremonie","tag-commemoration","tag-france","tag-souvenir"],"author_meta":{"display_name":"CCadminWP","author_link":"https:\/\/clamart-citoyenne.fr\/?author=1"},"featured_img":"https:\/\/clamart-citoyenne.fr\/wp-content\/uploads\/2021\/11\/img_618d2b56b1339-139x300.png","jetpack_publicize_connections":[],"jetpack_featured_media_url":"https:\/\/clamart-citoyenne.fr\/wp-content\/uploads\/2021\/11\/img_618d2b56b1339.png","coauthors":[],"tax_additional":{"categories":{"linked":["<a href=\"https:\/\/clamart-citoyenne.fr\/?cat=1\" class=\"advgb-post-tax-term\">Uncategorized<\/a>"],"unlinked":["<span class=\"advgb-post-tax-term\">Uncategorized<\/span>"]},"tags":{"linked":["<a href=\"https:\/\/clamart-citoyenne.fr\/?cat=1\" class=\"advgb-post-tax-term\">11 novembre<\/a>","<a href=\"https:\/\/clamart-citoyenne.fr\/?cat=1\" class=\"advgb-post-tax-term\">C\u00e9r\u00e9monie<\/a>","<a href=\"https:\/\/clamart-citoyenne.fr\/?cat=1\" class=\"advgb-post-tax-term\">Comm\u00e9moration<\/a>","<a href=\"https:\/\/clamart-citoyenne.fr\/?cat=1\" class=\"advgb-post-tax-term\">France<\/a>","<a href=\"https:\/\/clamart-citoyenne.fr\/?cat=1\" class=\"advgb-post-tax-term\">souvenir<\/a>"],"unlinked":["<span class=\"advgb-post-tax-term\">11 novembre<\/span>","<span class=\"advgb-post-tax-term\">C\u00e9r\u00e9monie<\/span>","<span class=\"advgb-post-tax-term\">Comm\u00e9moration<\/span>","<span class=\"advgb-post-tax-term\">France<\/span>","<span class=\"advgb-post-tax-term\">souvenir<\/span>"]}},"comment_count":"0","relative_dates":{"created":"Publi\u00e9 4 ans il y a","modified":"Mis \u00e0 jour 4 ans il y a"},"absolute_dates":{"created":"Publi\u00e9 le 11\/11\/2021","modified":"Mise \u00e0 jour le 11\/11\/2021"},"absolute_dates_time":{"created":"Publi\u00e9 le 11\/11\/2021 16:41","modified":"Mise \u00e0 jour le 11\/11\/2021 16:41"},"featured_img_caption":"","series_order":"","jetpack_sharing_enabled":true,"jetpack_shortlink":"https:\/\/wp.me\/p7cbn9-8iW","jetpack_likes_enabled":true,"_links":{"self":[{"href":"https:\/\/clamart-citoyenne.fr\/index.php?rest_route=\/wp\/v2\/posts\/31926","targetHints":{"allow":["GET"]}}],"collection":[{"href":"https:\/\/clamart-citoyenne.fr\/index.php?rest_route=\/wp\/v2\/posts"}],"about":[{"href":"https:\/\/clamart-citoyenne.fr\/index.php?rest_route=\/wp\/v2\/types\/post"}],"author":[{"embeddable":true,"href":"https:\/\/clamart-citoyenne.fr\/index.php?rest_route=\/wp\/v2\/users\/1"}],"replies":[{"embeddable":true,"href":"https:\/\/clamart-citoyenne.fr\/index.php?rest_route=%2Fwp%2Fv2%2Fcomments&post=31926"}],"version-history":[{"count":1,"href":"https:\/\/clamart-citoyenne.fr\/index.php?rest_route=\/wp\/v2\/posts\/31926\/revisions"}],"predecessor-version":[{"id":31930,"href":"https:\/\/clamart-citoyenne.fr\/index.php?rest_route=\/wp\/v2\/posts\/31926\/revisions\/31930"}],"wp:featuredmedia":[{"embeddable":true,"href":"https:\/\/clamart-citoyenne.fr\/index.php?rest_route=\/wp\/v2\/media\/31928"}],"wp:attachment":[{"href":"https:\/\/clamart-citoyenne.fr\/index.php?rest_route=%2Fwp%2Fv2%2Fmedia&parent=31926"}],"wp:term":[{"taxonomy":"category","embeddable":true,"href":"https:\/\/clamart-citoyenne.fr\/index.php?rest_route=%2Fwp%2Fv2%2Fcategories&post=31926"},{"taxonomy":"post_tag","embeddable":true,"href":"https:\/\/clamart-citoyenne.fr\/index.php?rest_route=%2Fwp%2Fv2%2Ftags&post=31926"}],"curies":[{"name":"wp","href":"https:\/\/api.w.org\/{rel}","templated":true}]}}