{"id":32123,"date":"2022-05-11T17:27:02","date_gmt":"2022-05-11T15:27:02","guid":{"rendered":"https:\/\/clamart-citoyenne.fr\/?p=32123"},"modified":"2022-05-11T17:30:42","modified_gmt":"2022-05-11T15:30:42","slug":"conseil-municipal-du-vendredi-18-fevrier-2022","status":"publish","type":"post","link":"https:\/\/clamart-citoyenne.fr\/?p=32123","title":{"rendered":"Conseil municipal du vendredi 18 f\u00e9vrier 2022"},"content":{"rendered":"<p><a href=\"https:\/\/clamart-citoyenne.fr\/wp-content\/uploads\/2022\/05\/01_Convoc_ODJ_liste-pieces-jointes.pdf\">Convocation &#8211; Ordre du jour<\/a><\/p>\n<p>I) AFFAIRES G\u00c9N\u00c9RALES<br \/>\nII) FINANCES<br \/>\nIII) CULTURE<br \/>\nIV) B\u00c2TIMENTS, MAITRISE D&rsquo;OUVRAGE, STATIONNEMENT, TRANSPORTS, MOBILIT\u00c9S DOUCES.<br \/>\nV) URBANISME &amp; PROTECTION DU PATRIMOINE ARCHITECTURAL ET HISTORIQUE.<br \/>\nVI) SPORTS.<br \/>\nVII) AFFAIRES SCOLAIRES ET PROJET \u00c9DUCATIF &amp; JEUNESSE<br \/>\nVIII) VIE ASSOCIATIVE.<br \/>\nIX) SOLIDARIT\u00c9<br \/>\nX) PERSONNEL<\/p>\n<p>V\u0152U<\/p>\n<p><!--more--><\/p>\n<h1>1) AFFAIRES G\u00c9N\u00c9RALES<\/h1>\n<ol start=\"6\">\n<li>\n<h3>Communication du rapport annuel sur la situation en mati\u00e8re de d\u00e9veloppement durable de la Ville de Clamart pour l&rsquo;ann\u00e9e 2021.<\/h3>\n<\/li>\n<\/ol>\n<p><strong><span style=\"color: #008000;\">Intervention de Didier DINCHER pour Clamart Citoyenne<\/span><\/strong><\/p>\n<p><span style=\"color: #008000;\">Tout d\u2019abord, nous souhaitons remercier toutes celles et ceux qui ont particip\u00e9 \u00e0 la r\u00e9daction de ce rapport<em>.\u00a0<\/em>Nous appr\u00e9cions la somme de travail qui a \u00e9t\u00e9 n\u00e9cessaire \u00e0 l\u2019\u00e9tablissement de cet inventaire.<\/span><\/p>\n<p><span style=\"color: #008000;\">Car en effet il s\u2019agit d\u2019un inventaire, fourni, avec une jolie mise en forme. Il marque sans doute une envie sinc\u00e8re de certains de cr\u00e9er une dynamique, de poser les bases d\u2019une action qui reste \u00e0 venir.\u00a0<\/span><\/p>\n<p><span style=\"color: #008000;\">L\u2019\u00e9tape suivante, \u00e0 nos yeux, sera qu\u2019il contienne des objectifs, concrets et chiffr\u00e9s, car sans objectifs pas d\u2019ambition.<\/span><\/p>\n<p><span style=\"color: #008000;\">Avec des priorit\u00e9s, un plan d\u2019action et des choix structurants, il deviendrait alors un v\u00e9ritable outil de changement, tellement plus ambitieux qu\u2019un prudent outil de communication.\u00a0<\/span><\/p>\n<p><span style=\"color: #008000;\">A la lecture de ce rapport, nous nous rendons compte que la t\u00e2che \u00e0 accomplir reste immense. Elle n\u00e9cessitera encore beaucoup de p\u00e9dagogie, d\u2019incarnation, d\u2019illustration. \u00c9vitons ensemble l\u2019autosatisfaction timide, travaillons pour \u00eatre efficace et aller toujours plus loin dans le bien vivre ensemble.<\/span><\/p>\n<p>Le conseil municipal prend acte.<\/p>\n<ol start=\"7\">\n<li>\n<h3>Communication du rapport annuel 2021 sur la situation en mati\u00e8re d&rsquo;\u00e9galit\u00e9 entre les femmes et les hommes.<\/h3>\n<\/li>\n<\/ol>\n<p><strong><span style=\"color: #008000;\">Intervention de Agn\u00e8s HARTEMANN pour Clamart Citoyenne<\/span><\/strong><\/p>\n<p><span style=\"color: #008000;\">Le rapport sur l\u2019\u00e9galit\u00e9 femme\/homme est beaucoup plus consistant que l\u2019an dernier et on peut se f\u00e9liciter que ce sujet soit pris au s\u00e9rieux. Merci aux services de la ville qui colligent toutes les donn\u00e9es sur la ville comme employeur. On trouve dans cette rubrique des \u00ab\u00a0actions correctives propos\u00e9es\u00a0\u00bb pour r\u00e9soudre certains probl\u00e8mes. Cela permettre un suivi ann\u00e9e par ann\u00e9e. Concernant les initiatives sur la ville, on voit qu\u2019elles sont essentiellement port\u00e9es par des associations comme le CIDFF (centre d\u2018information sur les droits de femmes et des familles) ou le centre Flora Tristan, et les clamartoises peuvent se r\u00e9jouir de les avoir sur leur territoire.<\/span><\/p>\n<p><span style=\"color: #008000;\">Le CIDFF (Centre d\u2019Information sur les Droits des Femmes et des Familles) confirme ce que nous pressentions l\u2019an dernier, \u00e0 savoir malheureusement l\u2019augmentation des demandes durant le confinement. En 2020 il a accueilli 4600 personnes dont 1200 Clamartois, 75% \u00e9tant des femmes. Par contre ce qui manque toujours dans cette partir du rapport sont l\u2019analyse des besoins, les actions entreprises et les indicateurs permettant d\u2019en suivre l\u2019efficacit\u00e9.<\/span><\/p>\n<p>Le conseil municipal prend acte.<\/p>\n<h1>Il) FINANCES<\/h1>\n<ol start=\"8\">\n<li>\n<h3>D\u00e9bat sur les orientations budg\u00e9taires 2022.<\/h3>\n<\/li>\n<\/ol>\n<p><strong><span style=\"color: #008000;\">Intervention de David HUYNH pour Clamart Citoyenne<\/span><\/strong><\/p>\n<p><span style=\"color: #008000;\">Madame l\u2019adjointe au budget, je vous remercie pour votre pr\u00e9sentation dans le cadre du d\u00e9bat d\u2019orientation budg\u00e9taire 2022 du conseil municipal de Clamart.<\/span><\/p>\n<p><span style=\"color: #008000;\">Mon intervention sur les orientations propos\u00e9es par la majorit\u00e9 municipale suivra les grandes lignes de votre pr\u00e9sentation.<\/span><\/p>\n<ol>\n<li><span style=\"color: #008000;\"><strong>Sur le contexte dans lequel s\u2019inscrit le budget<\/strong><\/span><\/li>\n<\/ol>\n<p><span style=\"color: #008000;\">Dans votre rapport, vous pointez la d\u00e9cision de l\u2019Etat qui exon\u00e8re pendant 2 ans les propri\u00e9taires de toutes nouvelles constructions du paiement de la taxe fonci\u00e8re d\u2019un montant au moins \u00e9gal \u00e0 40% de la base imposable. Vous regrettez cette d\u00e9cision qui prive les finances communales de 3 700 000\u20ac sur l\u2019ensemble du mandat jusqu\u2019en 2026. Je vous ferai remarquer que l\u2019importance de ce montant est directement li\u00e9e aux 6 000 autorisations de constructions de logements d\u00e9livr\u00e9s par votre majorit\u00e9 sur la ville depuis 2014, bien au-del\u00e0 des prescriptions du Plan M\u00e9tropolitain pour l\u2019Habitat qui demandait la cr\u00e9ation de 4500 logements d\u2019ici 2030 (soit 25% de moins que ce qui est construit \u00e0 Clamart avec 10 ans d\u2019avance \u2013 pla\u00e7ant ainsi ces constructions en dehors de l\u2019int\u00e9r\u00eat g\u00e9n\u00e9ral \/ rejoignant celui des promoteurs) et que si vous n\u2019aviez pas cette app\u00e9tence pour la promotion immobili\u00e8re, les pertes potentielles n\u2019auraient pas \u00e9t\u00e9 aussi importantes.<\/span><\/p>\n<p><span style=\"color: #008000;\">Inversement, les habitants du Panorama et de Grand Canal ont pay\u00e9 des logements \u00e0 des prix qui s\u2019\u00e9l\u00e8vent pour certains jusqu\u2019\u00e0 10 000\u20ac le m\u00e8tre carr\u00e9. Ces exon\u00e9rations sont aussi pour eux un gain de pouvoir d\u2019achat eu \u00e9gard aux investissements financiers consentis.<\/span><\/p>\n<p><span style=\"color: #008000;\">Vous vous plaignez du d\u00e9sengagement de l\u2019Etat et de ses coupes budg\u00e9taires dans les dotations financi\u00e8res qu\u2019il verse aux communes. Je vous ferai \u00e9galement remarquer, Monsieur le Maire, que vous souteniez aux derni\u00e8res \u00e9lections pr\u00e9sidentielles Fran\u00e7ois FILLON, et dont vous continuez \u00e0 faire l\u2019\u00e9loge en conseil, qui dans son programme annon\u00e7ait vouloir faire bien pire en la mati\u00e8re et plus particuli\u00e8rement dans le domaine des services publics o\u00f9 300 000 fonctionnaires devaient \u00eatre supprim\u00e9s, lorsque Madame PECRESSE annonce vouloir supprimer 200 000 fonctionnaires<\/span><\/p>\n<p><span style=\"color: #008000;\">Sur ce point, je rel\u00e8ve d\u2019ailleurs, que vous faites l\u2019inverse de ce que vous promettez au niveau national puisque le personnel travaillant pour la ville de Clamart est en augmentation depuis 2015. Sur ce point, je ne m\u2019en plaindrai pas puisqu\u2019il r\u00e9pond \u00e0 des besoins essentiels pour les Clamartois au vu de l\u2019augmentation de la population.<\/span><\/p>\n<ol start=\"2\">\n<li><span style=\"color: #008000;\"><strong> Sur les recettes de fonctionnement<\/strong><\/span><\/li>\n<\/ol>\n<p><span style=\"color: #008000;\">Comme l\u2019ann\u00e9e derni\u00e8re, vous nous annoncez que la ville n\u2019augmentera pas ses tarifs p\u00e9riscolaires. Je vous confirme qu\u2019il n\u2019\u00e9tait plus possible de les augmenter apr\u00e8s la hausse de 40% de ces tarifs que vous aviez d\u00e9cid\u00e9 en 2015 dont les Clamartois se souviennent encore, non compens\u00e9es par les mesures successives propos\u00e9es, en pr\u00e9textant que la ville \u00e9tait en faillite, tout en lan\u00e7ant quelques ann\u00e9es plus tard des travaux pharaoniques. Je pense notamment au march\u00e9 du Trosy 28M\u20ac, au Centre commercial Desprez et bien s\u00fbr au complexe sportif Hunebelle plus de 40M\u20ac dont le financement sur les prochaines ann\u00e9es reste ind\u00e9termin\u00e9 dans le rapport alors que les travaux ont commenc\u00e9 depuis 2 ans.<\/span><\/p>\n<ol start=\"3\">\n<li><strong>Sur la masse salariale et les effectifs<\/strong><\/li>\n<\/ol>\n<p><span style=\"color: #008000;\">Je constate que lors de votre d\u00e9but de mandat, vous annonciez vouloir d\u00e9pr\u00e9cariser les agents travaillant au service de la ville, mais que ce taux continue de se d\u00e9grader depuis 6 ans puisque la proportion de titulaires diminue. En 2022, un agent sur 3 est pr\u00e9caire (de 77% \u00e0 65% soit-12 points apr\u00e8s avoir atteint son point haut en 2017). Visiblement les agents municipaux ont bien compris l\u2019affaire et probablement regrettent-ils vos promesses qui leur ont fait ratifier votre accord de 2017.<\/span><\/p>\n<p><span style=\"color: #008000;\">Mais surtout vous vous mettez en \u0153uvre cette ann\u00e9e le processus de sous-traitance pour la gestion des cr\u00e8ches au d\u00e9triment des opportunit\u00e9s professionnelles \u00e0 proposer aux agents municipaux. C\u2019est aussi, une fa\u00e7on pour la majorit\u00e9 municipale de se d\u00e9charger de sa responsabilit\u00e9 sociale en la sous-traitant.<\/span><\/p>\n<ol start=\"4\">\n<li><strong>Sur la programmation des investissements<\/strong><\/li>\n<\/ol>\n<p><span style=\"color: #008000;\">Ils s\u2019\u00e9l\u00e8vent cette ann\u00e9e \u00e0 pr\u00e8s de 46M\u20ac.<\/span><\/p>\n<p><span style=\"color: #008000;\">Vous persistez \u00e0 financer des projets que ne souhaitent pas les Clamartois. Je pense tout particuli\u00e8rement au complexe sportif Hunebelle qui ne fait pas consensus, dont le co\u00fbt pour la ville s\u2019\u00e9l\u00e8ve pour le moment \u00e0 plus de 40M\u20ac, sans que la construction n\u2019ait r\u00e9ellement d\u00e9marr\u00e9 sans compter les d\u00e9rapages financiers dont la ville est coutumi\u00e8re. J\u2019en prends pour preuve le march\u00e9 du Trosy dont le co\u00fbt \u00e9tait annonc\u00e9 de 12M\u20ac et qui co\u00fbtera au terme de cette ann\u00e9e 28M\u20ac, soit plus du\u00a0 double de ce qui \u00e9tait programm\u00e9.<\/span><\/p>\n<p><span style=\"color: #008000;\">Je pense aux pr\u00e8s de 10M\u20ac que co\u00fbtera l\u2019enfouissement des lignes \u00e0 THT. Un enfouissement qui sous couvert d\u2019esth\u00e9tique, dissimule en fait de nouveaux programmes immobiliers sur Clamart dont les 2000 logements suppl\u00e9mentaires autour de la rue de Versailles, de la D906.<\/span><\/p>\n<p><span style=\"color: #008000;\">Le cumul de ces d\u00e9penses \u00e0 hauteur de 78M\u20ac, qui peuvent \u00eatre utiles aux Clamartois, mais dont l\u2019ampleur est d\u00e9mesur\u00e9e, tout comme leurs d\u00e9rapages financiers, sont \u00e0 rapporter aux 109M\u20ac d\u2019endettement de la ville de Clamart<\/span><\/p>\n<p><span style=\"color: #008000;\">Vous reconnaissez aussi votre absence d\u2019anticipation en vous alarmant des risques li\u00e9s \u00e0 une trop grande d\u00e9pendance aux \u00e9nergies fossiles et donc \u00e0 une hausse de leurs co\u00fbts que vous estimez \u00e0 pr\u00e8s de 800 000\u20ac \u00e0 horizon 2023. Tout en faisant \u00e9tat de votre retard en mati\u00e8re de transition \u00e9cologique en annon\u00e7ant quelques actions timides qui se r\u00e9sument \u00e0 des \u00e9tudes pr\u00e9alables qui ne porteront leurs fruits que bien des ann\u00e9es plus tard.<\/span><\/p>\n<p><span style=\"color: #008000;\">Oui, investir dans les \u00e9conomies d\u2019\u00e9nergie \u00e7\u00e0 rapporte, vous le d\u00e9couvrez aujourd\u2019hui alors que vous \u00eates en responsabilit\u00e9 depuis 8 ans.<\/span><\/p>\n<p><span style=\"color: #008000;\">Les Clamartois peuvent vivre sans un complexe Hunebelle, mais pas sans un climat vivable, avec toutes les cons\u00e9quences sanitaires que cela implique.<\/span><\/p>\n<p><span style=\"color: #008000;\">La cons\u00e9quence de votre mauvaise gestion de la ville se traduit aujourd\u2019hui par 2 indicateurs financiers et une orientation claire :<\/span><\/p>\n<ol>\n<li><span style=\"color: #008000;\">Le premier indicateur c\u2019est l\u2019augmentation du niveau d\u2019endettement de la ville \u00e0 pr\u00e8s de 109M\u20ac. Aujourd\u2019hui, le niveau d\u2019endettement repr\u00e9sente 2035\u20ac par clamartois contre 1718\u20ac en 2015, soit 317\u20ac de plus. Je pr\u00e9cise que je prends pour r\u00e9f\u00e9rence l\u2019ann\u00e9e 2015 pour ne pas vous imputer l\u2019emprunt contract\u00e9 par votre pr\u00e9d\u00e9cesseur pour la construction du groupe scolaire qui nous accueille ce jour. Mais cela ne change rien aux 317\u20ac de dettes suppl\u00e9mentaires par Clamartois entre 2015 et 2021 dont vous portez la responsabilit\u00e9. Vous vous targuez de ne pas avoir augment\u00e9s les imp\u00f4ts, mais vous oubliez de pr\u00e9ciser que vous endettez les Clamartois.<\/span><\/li>\n<li><span style=\"color: #008000;\">Le deuxi\u00e8me indicateur c\u2019est la capacit\u00e9 de d\u00e9sendettement de la ville, puisque si nous d\u00e9cidions d\u2019utiliser l\u2019ensemble des exc\u00e9dents de fonctionnement de la ville sur une ann\u00e9e, nous aurions mis 11 ans \u00e0 rembourser notre dette en 2015, en 2022 cela prendrait 43 ans.<\/span><\/li>\n<\/ol>\n<p><span style=\"color: #008000;\">Cette d\u00e9gradation, est le r\u00e9sultat de vos choix politiques et de votre mauvaise gestion. Cette d\u00e9gradation,\u00a0 vous ne pourrez pas l\u2019imputez \u00e0 votre pr\u00e9d\u00e9cesseur. C\u2019est votre majorit\u00e9 qui est aux commandes de la ville \u00a0\u00a0\u00a0\u00a0\u00a0\u00a0\u00a0\u00a0 depuis 7 ans. Il vous faut l\u2019assumer.<\/span><\/p>\n<p><span style=\"color: #008000;\">L&rsquo;orientation claire que vous proposez aux Clamartois, c\u2019est une ville de 70 000 habitants. Je voudrais rappeler les 6000 logements suppl\u00e9mentaires construits ou \u00e0 construire sur la ville. Nous sommes 53 000 Clamartois aujourd\u2019hui, nous serons pr\u00e8s de 70 000 dans les prochaines ann\u00e9es.<\/span><\/p>\n<p><span style=\"color: #008000;\">Au vu de l\u2019\u00e9tat d\u00e9grad\u00e9 des fondamentaux de la ville, cela signifie deux choses :<\/span><\/p>\n<ol>\n<li><span style=\"color: #008000;\">La premi\u00e8re, c\u2019est que vous avez dilapid\u00e9 cet argent qui aurait \u00e9t\u00e9 plus utile pour renforcer le lien social et la solidarit\u00e9 entre Clamartois, et bien s\u00fbr engager la transition \u00e9cologique qui aurait port\u00e9 ses fruits en g\u00e9n\u00e9rant des \u00e9conomies de fonctionnement substantielles qui nous font d\u00e9faut aujourd\u2019hui. Cette inaction a contraint la ville \u00e0 s\u2019endetter.<\/span><\/li>\n<li><span style=\"color: #008000;\">La seconde, c\u2019est que vous aurez encore davantage besoin de ces millions d\u2019euros vers\u00e9s par les promoteurs immobiliers. Cette d\u00e9pendance annonce la poursuite de la densification de la ville. Et cette d\u00e9pendance accrue, les Clamartois ont le droit d\u2019en prendre conscience au travers de ce d\u00e9bat d\u2019orientation budg\u00e9taire.<\/span><\/li>\n<\/ol>\n<p><span style=\"color: #008000;\">Je vous remercie pour votre attention.<\/span><\/p>\n<p>Le conseil municipal approuve la tenue d\u2019un d\u00e9bat d\u2019orientation budg\u00e9taire.<\/p>\n<ol start=\"9\">\n<li>\n<h3>R\u00e9am\u00e9nagement d&rsquo;une garantie d&#8217;emprunt d&rsquo;un montant de 10 660 499,53 \u20ac pour la cr\u00e9ation d&rsquo;un \u00e9tablissement d&rsquo;h\u00e9bergement pour les personnes \u00e2g\u00e9es d\u00e9pendantes situ\u00e9 au 362 avenue du G\u00e9n\u00e9ral de Gaulle \u00e0 Clamart.<\/h3>\n<\/li>\n<\/ol>\n<p>La d\u00e9lib\u00e9ration est adopt\u00e9e \u00e0 l\u2019unanimit\u00e9.<\/p>\n<h1>Ill) CULTURE<\/h1>\n<ol start=\"10\">\n<li>\n<h3>Cr\u00e9ation de la Soci\u00e9t\u00e9 Publique Locale (SPL) \u00ab\u00a0th\u00e9\u00e2tres de Ch\u00e2tillon et de Clamart\u00a0\u00bb &#8211; adoption des statuts &#8211; d\u00e9signation des repr\u00e9sentants de la Ville de Clamart.<\/h3>\n<\/li>\n<\/ol>\n<p>L\u2019opposition NE PREND PAS PART AU VOTE (ainsi que Patrice Roncari et Marie-Laure Coupeau).<\/p>\n<h1>IV) B\u00c2TIMENTS, MAITRISE D&rsquo;OUVRAGE, STATIONNEMENT, TRANSPORTS, MOBILIT\u00c9S DOUCES<\/h1>\n<ol start=\"11\">\n<li>\n<h3>Contrat de mandat de ma\u00eetrise d&rsquo;ouvrage pour la r\u00e9habilitation du parking public Desprez \u00e0 Clamart entre la Ville de Clamart et la SPL Vall\u00e9e Sud Am\u00e9nagement.<\/h3>\n<\/li>\n<\/ol>\n<p>Amendement :<br \/>\nJean-Jacques Le Roux \u00e0 la place de Serge Kehyayan, pour s\u00e9curiser (mais le maire pense qu\u2019on devrait changer la loi) :<\/p>\n<p>Le groupe <em>Clamart Citoyenne<\/em> NE PREND PAS PART AU VOTE.<br \/>\nLe reste vote POUR.<\/p>\n<p>D\u00e9lib\u00e9ration\u00a0:<\/p>\n<p>Serge Kehyayan et Christine Quillery NE PRENNENT PAS PART AU VOTE.L\u2019opposition vote ABSTENTION.<\/p>\n<ol start=\"12\">\n<li>\n<h3>Travaux de r\u00e9fection compl\u00e8te de la couverture de l&rsquo;\u00e9cole maternelle de la Plaine \u2013 autorisation de d\u00e9poser une d\u00e9claration pr\u00e9alable de travaux ou toute autre demande d&rsquo;autorisation d&rsquo;urbanisme.<\/h3>\n<\/li>\n<\/ol>\n<p>La d\u00e9lib\u00e9ration est adopt\u00e9e \u00e0 l\u2019unanimit\u00e9.<\/p>\n<ol start=\"13\">\n<li>\n<h3>Travaux de r\u00e9habilitation de l&rsquo;\u00e9cole \u00e9l\u00e9mentaire de la Mairie &#8211; autorisation de d\u00e9poser une demande de permis de construire ou toute autre demande d&rsquo;autorisation d&rsquo;urbanisme.<\/h3>\n<\/li>\n<\/ol>\n<p>La d\u00e9lib\u00e9ration est adopt\u00e9e \u00e0 l\u2019unanimit\u00e9.<\/p>\n<ol start=\"14\">\n<li>\n<h3>Communication du rapport annuel sur les recours administratifs pr\u00e9alables obligatoires pour l&rsquo;ann\u00e9e 2021.<\/h3>\n<\/li>\n<\/ol>\n<p>Le conseil municipal prend acte.<\/p>\n<h1>V) URBANISME &amp; PROTECTION DU PATRIMOINE ARCHITECTURAL ET HISTORIQUE<\/h1>\n<ol start=\"15\">\n<li>\n<h3>Acquisition par la Ville de Clamart d&rsquo;un local appartenant \u00e0 Vall\u00e9e Sud Habitat, \u00e0 destination de services administratifs municipaux, sis 37 rue du Trosy, \u00e0 Clamart.<\/h3>\n<\/li>\n<\/ol>\n<p>La d\u00e9lib\u00e9ration est adopt\u00e9e \u00e0 l\u2019unanimit\u00e9.<\/p>\n<ol start=\"16\">\n<li>\n<h3>Acquisition par la Ville de Clamart d&rsquo;un parking public en sous-sol dans le quartier Grand Canal, \u00e0 Clamart.<\/h3>\n<\/li>\n<\/ol>\n<p>L\u2019opposition vote ABSTENTION.<br \/>\nSerge Kehyayan NE PREND PAS PART AU VOTE.<\/p>\n<ol start=\"17\">\n<li>\n<h3>D\u00e9saffectation et d\u00e9classement du domaine public d&rsquo;un local, sis 22 rue Paul Vaillant Couturier \u00e0 Clamart, d&rsquo;une surface d&rsquo;environ 320\u00a0m<sup>2<\/sup>.<\/h3>\n<\/li>\n<\/ol>\n<p>La d\u00e9lib\u00e9ration est adopt\u00e9e \u00e0 l\u2019unanimit\u00e9.<\/p>\n<h1>VI) SPORTS<\/h1>\n<ol start=\"18\">\n<li>\n<h3>D\u00e9nomination du complexe sportif du Petit Clamart, sis 56 rue de la Bourcilli\u00e8re \u00e0 Clamart.<\/h3>\n<\/li>\n<\/ol>\n<p>Le groupe <em>Clamart Citoyenne<\/em> NE PREND PAS PART AU VOTE.<br \/>\nLe reste vote POUR.<\/p>\n<h1>VII) AFFAIRES SCOLAIRES ET PROJET \u00c9DUCATIF &amp; JEUNESSE<\/h1>\n<ol start=\"19\">\n<li>\n<h3>Fusion administrative des directions scolaires des \u00e9coles maternelles Charles de Gaulle et Maria Brignole de Galliera en une entit\u00e9 unique et d\u00e9nomination des \u00e9coles.<\/h3>\n<\/li>\n<\/ol>\n<p><strong><span style=\"color: #008000;\">Intervention de Nathalie MANGEARD-BLOCH pour Clamart Citoyenne<\/span><\/strong><\/p>\n<p><span style=\"color: #008000;\">Monsieur le maire,<\/span><\/p>\n<p><span style=\"color: #008000;\">Apr\u00e8s celle de Moulin de Pierre et de Jean Monnet, vous nous demandez de voter \u00e0 nouveau une fusion entre deux \u00e9coles. Il s\u2019agit cette fois-ci des maternelles Charles de Gaulle et Galliera situ\u00e9es dans le r\u00e9seau d\u2019\u00e9ducation prioritaire de Clamart.<\/span><\/p>\n<p><span style=\"color: #008000;\">A l\u2019issue de cette fusion, la nouvelle \u00e9cole comptera 12 classes. La fusion actera la suppression d\u2019un dispositif de moins de trois ans et signera la perte de la moiti\u00e9 d\u2019un poste de direction pour un m\u00eame nombre d&rsquo;\u00e9l\u00e8ves \u00e0 encadrer. La direction de Galliera \u00e9tait d\u00e9j\u00e0 totalement d\u00e9charg\u00e9e de classes,\u00a0 la nouvelle direction devra assumer avec le m\u00eame temps de d\u00e9charge , un travail bien plus important.<\/span><\/p>\n<p><span style=\"color: #008000;\">Quel est l\u2019int\u00e9r\u00eat de cr\u00e9er de grosses structures quand on sait combien l\u2019humain doit plus que jamais \u00eatre au c\u0153ur de notre syst\u00e8me \u00e9ducatif. Au moment o\u00f9 la pand\u00e9mie complexifie les relations, distend les liens, vous faites le choix de fusionner des \u00e9coles qui ne demandent qu\u2019\u00e0 pr\u00e9server leur identit\u00e9 et leur stabilit\u00e9.<\/span><\/p>\n<p><span style=\"color: #008000;\">Cette d\u00e9cision intervient alors que le projet p\u00e9dagogique que vous \u00e9voquez dans votre pr\u00e9sentation n\u2019a pas recueilli l\u2019adh\u00e9sion des \u00e9quipes en place.<\/span><\/p>\n<p><span style=\"color: #008000;\">Vous nous demandez de voter la fusion alors m\u00eame que Le projet n\u2019a pas \u00e9t\u00e9 pr\u00e9sent\u00e9 aux parents dans les instances conseils d\u2019\u00e9cole qui doivent normalement livrer un avis consultatif.<\/span><\/p>\n<p><span style=\"color: #008000;\">Enfin ce projet a \u00e9t\u00e9 unanimement rejet\u00e9 lors de la commission d\u00e9partementale de l\u2019\u00e9ducation nationale o\u00f9 si\u00e8gent les associations de parents d\u2019\u00e9l\u00e8ves et les syndicats enseignants.<\/span><\/p>\n<p><span style=\"color: #008000;\">Alors o\u00f9 est le b\u00e9n\u00e9fice de cette op\u00e9ration\u00a0? Comment justifier la suppression d\u2019un dispositif moins de trois ans destin\u00e9s aux familles les plus \u00e9loign\u00e9es de la culture scolaire\u00a0? Pourquoi charger la future direction avec 12 classes au lieu de 8 et accepter la disparition d\u2019un r\u00e9f\u00e9rent pour chaque \u00e9cole\u00a0?<\/span><\/p>\n<p><span style=\"color: #008000;\">De quelle efficience parle t-on , la continuit\u00e9 p\u00e9dagogique existe d\u00e9j\u00e0 dans ces structures\u00a0!\u00a0 Peut-on vraiment croire qu\u2019alourdir le syst\u00e8me et d\u00e9faire les liens existants servira la r\u00e9ussite des \u00e9l\u00e8ves et l\u2019int\u00e9r\u00eat des familles\u00a0?<\/span><\/p>\n<p><span style=\"color: #008000;\">Comment ne pas envisager que le vote de cette fusion sera le r\u00e9sultat d\u2019un passage en force qui \u00e9touffera une fois de plus\u00a0 les voix des premiers acteurs concern\u00e9es\u00a0?<\/span><\/p>\n<p><span style=\"color: #008000;\">Clamart Citoyenne votera contre cette fusion.<\/span><\/p>\n<p>L\u2019opposition vote CONTRE.<\/p>\n<ol start=\"20\">\n<li>\n<h3>D\u00e9signations des conseillers municipaux pour repr\u00e9senter la Ville au sein de 3 Conseils d&rsquo;\u00e9coles maternelles et \u00e9l\u00e9mentaires.<\/h3>\n<\/li>\n<\/ol>\n<p>L\u2019opposition NE PREND PAS PART AU VOTE.<\/p>\n<h1>VIII) VIE ASSOCIATIVE<\/h1>\n<ol start=\"21\">\n<li>\n<h3>Octroi d&rsquo;une subvention sur projet \u00e0 l&rsquo;association \u00ab\u00a0La Fraternit\u00e9\u00a0\u00bb.<\/h3>\n<\/li>\n<\/ol>\n<p>La d\u00e9lib\u00e9ration est adopt\u00e9e \u00e0 l\u2019unanimit\u00e9.<\/p>\n<ol start=\"22\">\n<li>\n<h3>Approbation du programme d&rsquo;actions 2021 dans le cadre de la convention cadre de coop\u00e9ration d\u00e9centralis\u00e9e entre la Ville de Clamart et la Ville d&rsquo;Artachat.<\/h3>\n<\/li>\n<\/ol>\n<p>La d\u00e9lib\u00e9ration est adopt\u00e9e \u00e0 l\u2019unanimit\u00e9.<\/p>\n<h1>IX) SOLIDARIT\u00c9<\/h1>\n<ol start=\"23\">\n<li>\n<h3>Adh\u00e9sion de la Ville de Clamart au \u00ab\u00a0R\u00e9seau Francophone des Villes Amies des A\u00een\u00e9s\u00a0\u00bb (RFVAA).<\/h3>\n<\/li>\n<\/ol>\n<p>D\u00e9lib\u00e9ration\u00a0:<br \/>\nLa d\u00e9lib\u00e9ration est adopt\u00e9e \u00e0 l\u2019unanimit\u00e9.<\/p>\n<p>D\u00e9signation de Colette Huard\u00a0:<br \/>\nL\u2019opposition NE PREND PAS PART AU VOTE.<\/p>\n<h1>X) PERSONNEL<\/h1>\n<ol start=\"24\">\n<li>\n<h3>Fixation de la r\u00e9mun\u00e9ration du personnel vacataire \u00e0 l&rsquo;occasion des op\u00e9rations \u00e9lectorales.<\/h3>\n<\/li>\n<\/ol>\n<p>La d\u00e9lib\u00e9ration est adopt\u00e9e \u00e0 l\u2019unanimit\u00e9.<\/p>\n<ol start=\"25\">\n<li>\n<h3>Fixation de la r\u00e9mun\u00e9ration des agents recenseurs.<\/h3>\n<\/li>\n<\/ol>\n<p>La d\u00e9lib\u00e9ration est adopt\u00e9e \u00e0 l\u2019unanimit\u00e9.<\/p>\n<ol start=\"26\">\n<li>\n<h3>Modification du tableau des emplois.<\/h3>\n<\/li>\n<\/ol>\n<p>Le groupe <em>Clamart Citoyenne<\/em> vote ABSTENTION.<br \/>\nLe reste vote POUR.<\/p>\n<h1>V\u0152U<\/h1>\n<p><strong><span style=\"color: #0000ff;\">V\u0153u de la majorit\u00e9 municipale<\/span><\/strong><\/p>\n<p><em>Le Maire refuse donc un vote \u00e0 l\u2019unanimit\u00e9 du conseil pour soutenir le Coll\u00e8ge des Petits Ponts<\/em><\/p>\n<p><em>Clamart Citoyenne avait d\u00e9pos\u00e9 un v\u0153u pour soutenir le coll\u00e8ge des Petits Ponts dont la dotation horaire pr\u00e9voit une diminution importante de 56 heures par semaine. Cette baisse de dotation conduirait le coll\u00e8ge \u00e0 des mesures telles que l\u2019augmentation des effectifs moyens par classe, la suppression des demi-groupe dans les mati\u00e8res principales, l\u2019abandon de l\u2019accompagnement des \u00e9l\u00e8ves non francophones ou l\u2019activit\u00e9 de natation ou la suppression de la classe d\u2019Education aux m\u00e9dias. En somme, \u00e0 l\u2019impossibilit\u00e9 de faire de la p\u00e9dagogie individuelle en classe enti\u00e8re, s\u2019agissant d\u2019un objectif de l\u2019Education nationale, alors que l\u2019\u00e9tablissement participe au programme R\u00e9seau d\u2019Education Prioritaire. De plus, les activit\u00e9s sp\u00e9cifiques contribuent \u00e0 l\u2019attractivit\u00e9 de l\u2019\u00e9tablissement.<\/em><\/p>\n<p><em>Mais pour ne pas voter le v\u0153u pr\u00e9sent\u00e9 par Clamart Citoyenne, la majorit\u00e9 municipale a eu recours \u00e0 une manipulation, en pr\u00e9sentant en cours de s\u00e9ance un v\u0153u similaire pointant la responsabilit\u00e9 du gouvernement, plut\u00f4t que de l\u2019adresser \u00e0 la direction acad\u00e9mique responsable de la r\u00e9partition des moyens sur les Hauts-de-Seine comme propos\u00e9 dans notre v\u0153u.<\/em><\/p>\n<p><em>Alors que le v\u0153u de Clamart Citoyenne aura pu recueillir l\u2019unanimit\u00e9 du conseil municipal, la majorit\u00e9 municipale a pr\u00e9f\u00e9r\u00e9 des formulations partisanes et valorisant son action, plut\u00f4t que de rassembler l\u2019ensemble des composantes du conseil pour soutenir le coll\u00e8ge des Petits Ponts. Le Maire aurait pu en sortir grandi, il a perdu une nouvelle occasion.<\/em><\/p>\n<p><em>Vous trouverez ci-joint le lien vers la p\u00e9tition pour soutenir le coll\u00e8ge des Petits Ponts et, dans le v\u0153u suivant, celui propos\u00e9 par Clamart Citoyenne et sur lequel la majorit\u00e9 municipale s\u2019est oppos\u00e9e.<\/em><\/p>\n<p><a href=\"https:\/\/www.change.org\/p\/jean-michel-blanquer-56-heures-pour-le-coll%C3%A8ge-des-petits-ponts?fbclid=IwAR3UVtxnCiGl99jtiUz0AviVdnnf2XN14Xm1p0wddy8JB08Or3aAPbyV4Ho\">P\u00e9tition \u00b7 56 heures pour le coll\u00e8ge des Petits Ponts ! \u00b7 Change.org<\/a><\/p>\n<p>Sylviane Dos Santos NE PREND PAS PART AU VOTE.<br \/>\nLe groupe <em>D\u00e9mocrates Clamartois<\/em> vote CONTRE.<br \/>\nLe reste vote POUR.<\/p>\n<p><span style=\"color: #008000;\"><strong>V\u0153u de Clamart Citoyenne \u00e0 l\u2019attention de la direction acad\u00e9mique<\/strong><\/span><\/p>\n<p><span style=\"color: #008000;\">Les parents d\u2019\u00e9l\u00e8ves et l\u2019\u00e9quipe p\u00e9dagogique du coll\u00e8ge des Petits Ponts de Clamart ont \u00e9t\u00e9 inform\u00e9s d\u2019une baisse importante de leur dotation horaire de 56 heures par semaine, pour la rentr\u00e9e 2022.<\/span><\/p>\n<p><span style=\"color: #008000;\">Cette situation est d\u2019autant plus incompr\u00e9hensible que le coll\u00e8ge des Petits Ponts a des effectifs en l\u00e9g\u00e8re hausse cette ann\u00e9e et s\u2019agissant d\u2019un \u00e9tablissement participant au programme R\u00e9seau d\u2019Education Prioritaire.<\/span><\/p>\n<p><span style=\"color: #008000;\">Ces 56 heures hebdomadaires perdues, provoqueront selon les cas :<\/span><\/p>\n<ul>\n<li><span style=\"color: #008000;\">Une fermeture de classe<\/span><\/li>\n<\/ul>\n<p><span style=\"color: #008000;\">Une augmentation des effectifs dans les classes pour se rapprocher des 30 \u00e9l\u00e8ves par classe<\/span><\/p>\n<ul>\n<li><span style=\"color: #008000;\">La suppression de demi-groupes dans les mati\u00e8res principales<\/span><\/li>\n<li><span style=\"color: #008000;\">L\u2019abandon de l\u2019accompagnement des \u00e9l\u00e8ves non francophones avec suppression de tous les ateliers de soutien scolaire, alors qu\u2019ils d\u00e9terminent aussi leurs capacit\u00e9s \u00e0 s\u2019int\u00e9grer<\/span><\/li>\n<li><span style=\"color: #008000;\">Aux activit\u00e9s de natation alors que moins de 20% des \u00e9l\u00e8ves savent nager<\/span><\/li>\n<li><span style=\"color: #008000;\">L\u2019impossibilit\u00e9 de mener certains projets (concours, actions innovantes\u2026)<\/span><\/li>\n<li><span style=\"color: #008000;\">De facto \u00e0 la suppression de postes d\u2019enseignants<\/span><\/li>\n<li><span style=\"color: #008000;\">A la suppression de la classe d\u2019Educations aux m\u00e9dias<\/span><\/li>\n<\/ul>\n<p><span style=\"color: #008000;\">En somme, \u00e0 l\u2019Impossibilit\u00e9 de faire de la p\u00e9dagogie individualis\u00e9e en classe enti\u00e8re, s\u2019agissant pourtant d\u2019un objectif officiel de l\u2019Education nationale.<\/span><\/p>\n<p><span style=\"color: #008000;\">En effet, cette baisse de dotation aura des cons\u00e9quences majeures sur le coll\u00e8ge et ses \u00e9l\u00e8ves dans la mesure o\u00f9 ces sp\u00e9cialit\u00e9s contribuent \u00e0 son attractivit\u00e9 et \u00e0 l\u2019\u00e9panouissement des \u00e9l\u00e8ves.<\/span><\/p>\n<p><span style=\"color: #008000;\">Ces activit\u00e9s sp\u00e9cifiques et les d\u00e9doublements des classes, port\u00e9es par une \u00e9quipe p\u00e9dagogique particuli\u00e8rement dynamique, concr\u00e9tisent la priorit\u00e9 qui doit \u00eatre donn\u00e9e \u00e0 l\u2019\u00e9ducation de la jeunesse et \u00e0 l\u2019\u00e9galit\u00e9 des droits\/chances au sein de la R\u00e9publique.<\/span><\/p>\n<p><span style=\"color: #008000;\">Par voie de cons\u00e9quence, le conseil municipal de la ville de Clamart adresse ce v\u0153u \u00e0 la direction acad\u00e9mique afin que puisse \u00eatre r\u00e9\u00e9valu\u00e9e les dotations horaires attribu\u00e9es au coll\u00e8ge des Petits Ponts, pour un maintien des moyens qui lui sont attribu\u00e9s.<\/span><\/p>\n<p><span style=\"color: #008000;\"><strong>Question orale sur le changement de logo pos\u00e9 par Agn\u00e8s HARTEMANN<\/strong><\/span><\/p>\n<p><span style=\"color: #008000;\">Monsieur le Maire,<\/span><\/p>\n<p><span style=\"color: #008000;\">Dans le magazine Clamart Infos du mois de janvier 2022, les Clamartois, ainsi que les conseillers municipaux de l\u2019opposition, ont d\u00e9couvert que le logo de la ville de Clamart allait changer, et que ce nouveau logo avait m\u00eame \u00e9t\u00e9 d\u00e9j\u00e0 choisi.<\/span><\/p>\n<p><span style=\"color: #008000;\">Pour une ville, un logo rev\u00eat une symbolique importante autant pour l\u2019image qu\u2019elle renvoie de la ville Clamart, que pour les Clamartois qui ont vocation \u00e0 s\u2019y reconna\u00eetre.<\/span><\/p>\n<p><span style=\"color: #008000;\">Nous avons compris qu\u2019apr\u00e8s une \u00e9lection vous pensez \u00eatre le seul ma\u00eetre \u00e0 bord, et que vous ne souhaitez pas, durant tout votre mandat, consulter les Clamartois.<\/span><\/p>\n<p><span style=\"color: #008000;\">Nous ne partageons pas cette vision de la d\u00e9mocratie. Selon nous, vous avez encore manqu\u00e9 une grande occasion de demander l\u2019avis des Clamartois sur un sujet qui les aurait s\u00fbrement int\u00e9ress\u00e9s, et qui les concernent autant que vous. Vous auriez pu soumettre aux Clamartois le choix entre plusieurs logos, comme cela a \u00e9t\u00e9 fait \u00e0 Chatillon.<\/span><\/p>\n<p><span style=\"color: #008000;\">Nous aimerions donc avoir les d\u00e9tails sur le processus de d\u00e9cision qui a conduit \u00e0 ce choix.<\/span><\/p>\n<p><span style=\"color: #0000ff;\"><strong>R\u00e9ponse du Maire :<\/strong><\/span><br \/>\n<span style=\"color: #0000ff;\">Il r\u00e9pond en substance que le Maire pr\u00e9c\u00e9dent avait agi de la m\u00eame mani\u00e8re l\u00e9gitimant ainsi son choix de d\u00e9cider du changement de logo de la ville, sans aucune concertation.<\/span><\/p>\n<p>Les Clamartois appr\u00e9cieront.<\/p>\n\n<div class=\"twitter-share\"><a href=\"https:\/\/twitter.com\/intent\/tweet?via=clamartcitoy\" class=\"twitter-share-button\">Tweet<\/a><\/div>\n","protected":false},"excerpt":{"rendered":"<p>Convocation &#8211; Ordre du jour I) AFFAIRES G\u00c9N\u00c9RALES II) FINANCES III) CULTURE IV) B\u00c2TIMENTS, MAITRISE D&rsquo;OUVRAGE, STATIONNEMENT, TRANSPORTS, MOBILIT\u00c9S DOUCES. V) URBANISME &amp; PROTECTION DU PATRIMOINE ARCHITECTURAL ET HISTORIQUE. VI) SPORTS. VII) AFFAIRES SCOLAIRES ET PROJET \u00c9DUCATIF &amp; JEUNESSE VIII) VIE ASSOCIATIVE. IX) SOLIDARIT\u00c9 X) PERSONNEL V\u0152U<\/p>\n","protected":false},"author":1,"featured_media":0,"comment_status":"open","ping_status":"open","sticky":false,"template":"","format":"standard","meta":{"advgb_blocks_editor_width":"","advgb_blocks_columns_visual_guide":"","_kad_post_transparent":"","_kad_post_title":"","_kad_post_layout":"","_kad_post_sidebar_id":"","_kad_post_content_style":"","_kad_post_vertical_padding":"","_kad_post_feature":"","_kad_post_feature_position":"","_kad_post_header":false,"_kad_post_footer":false,"_kad_post_classname":"","jetpack_post_was_ever_published":false,"_jetpack_newsletter_access":"","_jetpack_dont_email_post_to_subs":false,"_jetpack_newsletter_tier_id":0,"_jetpack_memberships_contains_paywalled_content":false,"_jetpack_memberships_contains_paid_content":false,"footnotes":"","jetpack_publicize_message":"","jetpack_publicize_feature_enabled":true,"jetpack_social_post_already_shared":true,"jetpack_social_options":{"image_generator_settings":{"template":"highway","default_image_id":0,"font":"","enabled":false},"version":2}},"categories":[1],"tags":[303,147,809,136,69,432,611,754,945,946,944,948,699,460,805,276,947],"class_list":["post-32123","post","type-post","status-publish","format-standard","hentry","category-uncategorized","tag-artachat","tag-budget","tag-college","tag-developpement-durable","tag-ecole","tag-egalite-femmes-hommes","tag-ehpad","tag-endettement","tag-fusion-ecoles","tag-la-fraternite","tag-la-plaine","tag-logo","tag-mairie","tag-parking","tag-petits-ponts","tag-politique-politicienne","tag-rfvaa"],"author_meta":{"display_name":"CCadminWP","author_link":"https:\/\/clamart-citoyenne.fr\/?author=1"},"featured_img":null,"jetpack_publicize_connections":[],"jetpack_featured_media_url":"","coauthors":[],"tax_additional":{"categories":{"linked":["<a href=\"https:\/\/clamart-citoyenne.fr\/?cat=1\" class=\"advgb-post-tax-term\">Uncategorized<\/a>"],"unlinked":["<span class=\"advgb-post-tax-term\">Uncategorized<\/span>"]},"tags":{"linked":["<a href=\"https:\/\/clamart-citoyenne.fr\/?cat=1\" class=\"advgb-post-tax-term\">Artachat<\/a>","<a href=\"https:\/\/clamart-citoyenne.fr\/?cat=1\" class=\"advgb-post-tax-term\">Budget<\/a>","<a href=\"https:\/\/clamart-citoyenne.fr\/?cat=1\" class=\"advgb-post-tax-term\">Coll\u00e8ge<\/a>","<a href=\"https:\/\/clamart-citoyenne.fr\/?cat=1\" class=\"advgb-post-tax-term\">D\u00e9veloppement Durable<\/a>","<a href=\"https:\/\/clamart-citoyenne.fr\/?cat=1\" class=\"advgb-post-tax-term\">Ecole<\/a>","<a href=\"https:\/\/clamart-citoyenne.fr\/?cat=1\" class=\"advgb-post-tax-term\">Egalit\u00e9 Femmes Hommes<\/a>","<a href=\"https:\/\/clamart-citoyenne.fr\/?cat=1\" class=\"advgb-post-tax-term\">EHPAD<\/a>","<a href=\"https:\/\/clamart-citoyenne.fr\/?cat=1\" class=\"advgb-post-tax-term\">Endettement<\/a>","<a href=\"https:\/\/clamart-citoyenne.fr\/?cat=1\" class=\"advgb-post-tax-term\">Fusion \u00e9coles<\/a>","<a href=\"https:\/\/clamart-citoyenne.fr\/?cat=1\" class=\"advgb-post-tax-term\">La Fraternit\u00e9<\/a>","<a href=\"https:\/\/clamart-citoyenne.fr\/?cat=1\" class=\"advgb-post-tax-term\">La Plaine<\/a>","<a href=\"https:\/\/clamart-citoyenne.fr\/?cat=1\" class=\"advgb-post-tax-term\">Logo<\/a>","<a href=\"https:\/\/clamart-citoyenne.fr\/?cat=1\" class=\"advgb-post-tax-term\">Mairie<\/a>","<a href=\"https:\/\/clamart-citoyenne.fr\/?cat=1\" class=\"advgb-post-tax-term\">Parking<\/a>","<a href=\"https:\/\/clamart-citoyenne.fr\/?cat=1\" class=\"advgb-post-tax-term\">Petits Ponts<\/a>","<a href=\"https:\/\/clamart-citoyenne.fr\/?cat=1\" class=\"advgb-post-tax-term\">Politique politicienne<\/a>","<a href=\"https:\/\/clamart-citoyenne.fr\/?cat=1\" class=\"advgb-post-tax-term\">RFVAA<\/a>"],"unlinked":["<span class=\"advgb-post-tax-term\">Artachat<\/span>","<span class=\"advgb-post-tax-term\">Budget<\/span>","<span class=\"advgb-post-tax-term\">Coll\u00e8ge<\/span>","<span class=\"advgb-post-tax-term\">D\u00e9veloppement Durable<\/span>","<span class=\"advgb-post-tax-term\">Ecole<\/span>","<span class=\"advgb-post-tax-term\">Egalit\u00e9 Femmes Hommes<\/span>","<span class=\"advgb-post-tax-term\">EHPAD<\/span>","<span class=\"advgb-post-tax-term\">Endettement<\/span>","<span class=\"advgb-post-tax-term\">Fusion \u00e9coles<\/span>","<span class=\"advgb-post-tax-term\">La Fraternit\u00e9<\/span>","<span class=\"advgb-post-tax-term\">La Plaine<\/span>","<span class=\"advgb-post-tax-term\">Logo<\/span>","<span class=\"advgb-post-tax-term\">Mairie<\/span>","<span class=\"advgb-post-tax-term\">Parking<\/span>","<span class=\"advgb-post-tax-term\">Petits Ponts<\/span>","<span class=\"advgb-post-tax-term\">Politique politicienne<\/span>","<span class=\"advgb-post-tax-term\">RFVAA<\/span>"]}},"comment_count":"0","relative_dates":{"created":"Publi\u00e9 4 ans il y a","modified":"Mis \u00e0 jour 4 ans il y a"},"absolute_dates":{"created":"Publi\u00e9 le 11\/05\/2022","modified":"Mise \u00e0 jour le 11\/05\/2022"},"absolute_dates_time":{"created":"Publi\u00e9 le 11\/05\/2022 17:27","modified":"Mise \u00e0 jour le 11\/05\/2022 17:30"},"featured_img_caption":"","series_order":"","jetpack_sharing_enabled":true,"jetpack_shortlink":"https:\/\/wp.me\/p7cbn9-8m7","jetpack_likes_enabled":true,"_links":{"self":[{"href":"https:\/\/clamart-citoyenne.fr\/index.php?rest_route=\/wp\/v2\/posts\/32123","targetHints":{"allow":["GET"]}}],"collection":[{"href":"https:\/\/clamart-citoyenne.fr\/index.php?rest_route=\/wp\/v2\/posts"}],"about":[{"href":"https:\/\/clamart-citoyenne.fr\/index.php?rest_route=\/wp\/v2\/types\/post"}],"author":[{"embeddable":true,"href":"https:\/\/clamart-citoyenne.fr\/index.php?rest_route=\/wp\/v2\/users\/1"}],"replies":[{"embeddable":true,"href":"https:\/\/clamart-citoyenne.fr\/index.php?rest_route=%2Fwp%2Fv2%2Fcomments&post=32123"}],"version-history":[{"count":6,"href":"https:\/\/clamart-citoyenne.fr\/index.php?rest_route=\/wp\/v2\/posts\/32123\/revisions"}],"predecessor-version":[{"id":32130,"href":"https:\/\/clamart-citoyenne.fr\/index.php?rest_route=\/wp\/v2\/posts\/32123\/revisions\/32130"}],"wp:attachment":[{"href":"https:\/\/clamart-citoyenne.fr\/index.php?rest_route=%2Fwp%2Fv2%2Fmedia&parent=32123"}],"wp:term":[{"taxonomy":"category","embeddable":true,"href":"https:\/\/clamart-citoyenne.fr\/index.php?rest_route=%2Fwp%2Fv2%2Fcategories&post=32123"},{"taxonomy":"post_tag","embeddable":true,"href":"https:\/\/clamart-citoyenne.fr\/index.php?rest_route=%2Fwp%2Fv2%2Ftags&post=32123"}],"curies":[{"name":"wp","href":"https:\/\/api.w.org\/{rel}","templated":true}]}}