{"id":32549,"date":"2022-07-07T09:01:41","date_gmt":"2022-07-07T07:01:41","guid":{"rendered":"https:\/\/clamart-citoyenne.fr\/?p=32549"},"modified":"2022-07-07T17:43:43","modified_gmt":"2022-07-07T15:43:43","slug":"enquete-publique-amenagement-place-aime-cesaire-observations-de-clamart-citoyenne-juillet-2022","status":"publish","type":"post","link":"https:\/\/clamart-citoyenne.fr\/?p=32549","title":{"rendered":"Enqu\u00eate Publique Am\u00e9nagement Place Aime C\u00e9saire &#8211; Observations de Clamart Citoyenne (Juillet 2022)"},"content":{"rendered":"<p><strong>Un nouveau projet d\u2019am\u00e9nagement et de densification excessive de la ville<\/strong><\/p>\n<p>La ville de Clamart a d\u00e9j\u00e0 autoris\u00e9 la construction de plus de 6 000 logements depuis 2014, soit bien au-del\u00e0 des 4 300 logements pr\u00e9vus par le Plan M\u00e9tropolitain pour l\u2019Habitat et l\u2019H\u00e9bergement fix\u00e9 par la M\u00e9tropole du Grand Paris \u00e0 \u00e9ch\u00e9ance 2030.<\/p>\n<p>La construction de 260 logements suppl\u00e9mentaires sur un quartier o\u00f9 plus de 1250 logements sont d\u00e9j\u00e0 livr\u00e9s ou \u00e0 livrer sera de nature \u00e0 encore augmenter la densit\u00e9 de population qui atteint d\u00e9j\u00e0 les 59 000 habitants au km2 sur le projet Grand Canal situ\u00e9 juste en face de la place Aim\u00e9 C\u00e9saire. Rappelons que la densit\u00e9 moyenne de la population sur Clamart est de 9 000 habitants au km\u00b2 sans la for\u00eat.<\/p>\n<p><!--more--><\/p>\n<p>Le contrat d\u2019int\u00e9r\u00eat national ne peut donc \u00eatre pris comme justification du projet, les objectifs de construction \u00e9tant d\u00e9j\u00e0 largement d\u00e9pass\u00e9s sur Clamart avec pr\u00e8s de 10 ans d\u2019avance.<\/p>\n<p>Par ailleurs, le Sch\u00e9ma Directeur R\u00e9gional Ile-de-France dispose \u00e9galement qu\u2019il doit y avoir une mixit\u00e9 fonctionnelle logement\/activit\u00e9 au niveau des territoires. Or, le projet de densification va d\u00e9grader ce rapport au d\u00e9triment de l\u2019activit\u00e9 \u00e9conomique.<\/p>\n<p><strong>La construction d\u2019un nouveau gymnase au bilan carbone d\u00e9favorable<\/strong><\/p>\n<p>La r\u00e9novation de ce gymnase aurait \u00e9t\u00e9 pr\u00e9f\u00e9rable \u00e0 sa destruction et \u00e0 la reconstruction d\u2019un nouvel \u00e9quipement au regard des \u00e9missions de carbone. En effet, la moiti\u00e9 du total des \u00e9missions g\u00e9n\u00e9r\u00e9es dans cette op\u00e9ration r\u00e9sultera de la construction du nouveau b\u00e2timent, en plus de celles qui seront g\u00e9n\u00e9r\u00e9es par le fonctionnement de l\u2019\u00e9quipement.<\/p>\n<p>Par ailleurs, dans le cadre du r\u00e9am\u00e9nagement du quartier, il serait opportun de d\u00e9simperm\u00e9abiliser en v\u00e9g\u00e9talisant avec un parc public arbor\u00e9 qui fait d\u00e9faut. En effet, les bassins d\u2019eau du quartier Grand Canal ont essentiellement un int\u00e9r\u00eat esth\u00e9tique.<\/p>\n<p><strong>Un co\u00fbt excessif du projet de r\u00e9am\u00e9nagement de 47M\u20ac HT <\/strong><\/p>\n<p>Si la situation des commerces sur la place Aim\u00e9 C\u00e9saire m\u00e9rite d\u2019\u00eatre dynamis\u00e9e, le co\u00fbt de l\u2019op\u00e9ration appara\u00eet exorbitant. En effet, l&rsquo;activit\u00e9 aurait \u00e9t\u00e9 dynamis\u00e9e de fait avec l\u2019augmentation de population due aux 1250 logements du quartier Grand Canal, soit pr\u00e8s de 3 000 habitants suppl\u00e9mentaires.<\/p>\n<p>L\u2019expropriation des propri\u00e9taires actuels est \u00e9valu\u00e9e \u00e0 pr\u00e8s de 47M\u20ac, soit pr\u00e8s de deux fois le montant de la reconstruction de la halle commerciale du Trosy. Ce montant sera en partie compens\u00e9 par les logements cr\u00e9\u00e9s mais au prix d\u2019une d\u00e9gradation excessive du cadre de vie.<\/p>\n<p>En outre, il appara\u00eet indispensable que l\u2019offre de commerces soit diversifi\u00e9e pour r\u00e9pondre aux attentes de <strong>tous<\/strong> les Clamartois.<\/p>\n<p><strong>Une concertation en berne<\/strong><\/p>\n<p>Enfin, \u00e0 notre connaissance aucune r\u00e9union publique n\u2019a \u00e9t\u00e9 organis\u00e9e par la mairie ou l\u2019intercommunalit\u00e9 concernant le projet, ce qui est dommageable pour une concertation avec les habitants. D\u2019autant plus que cette enqu\u00eate est particuli\u00e8rement courte, d\u2019une dur\u00e9e de deux semaines juste avant les d\u00e9parts de l\u2019\u00e9t\u00e9.<\/p>\n<p id=\"kMSqdSu\"><img loading=\"lazy\" decoding=\"async\" width=\"1313\" height=\"653\" class=\"size-full wp-image-32550 aligncenter\" src=\"https:\/\/clamart-citoyenne.fr\/wp-content\/uploads\/2022\/07\/img_62c682527c6ad.png\" alt=\"\" srcset=\"https:\/\/clamart-citoyenne.fr\/wp-content\/uploads\/2022\/07\/img_62c682527c6ad.png 1313w, https:\/\/clamart-citoyenne.fr\/wp-content\/uploads\/2022\/07\/img_62c682527c6ad-300x149.png 300w, https:\/\/clamart-citoyenne.fr\/wp-content\/uploads\/2022\/07\/img_62c682527c6ad-1024x509.png 1024w, https:\/\/clamart-citoyenne.fr\/wp-content\/uploads\/2022\/07\/img_62c682527c6ad-768x382.png 768w\" sizes=\"auto, (max-width: 1313px) 100vw, 1313px\" \/><\/p>\n\n<div class=\"twitter-share\"><a href=\"https:\/\/twitter.com\/intent\/tweet?via=clamartcitoy\" class=\"twitter-share-button\">Tweet<\/a><\/div>\n","protected":false},"excerpt":{"rendered":"<p>Un nouveau projet d\u2019am\u00e9nagement et de densification excessive de la ville La ville de Clamart a d\u00e9j\u00e0 autoris\u00e9 la construction de plus de 6 000 logements depuis 2014, soit bien au-del\u00e0 des 4 300 logements pr\u00e9vus par le Plan M\u00e9tropolitain pour l\u2019Habitat et l\u2019H\u00e9bergement fix\u00e9 par la M\u00e9tropole du Grand Paris \u00e0 \u00e9ch\u00e9ance 2030. La&#8230;<\/p>\n","protected":false},"author":1,"featured_media":32550,"comment_status":"open","ping_status":"open","sticky":false,"template":"","format":"standard","meta":{"advgb_blocks_editor_width":"","advgb_blocks_columns_visual_guide":"","_kad_post_transparent":"","_kad_post_title":"","_kad_post_layout":"","_kad_post_sidebar_id":"","_kad_post_content_style":"","_kad_post_vertical_padding":"","_kad_post_feature":"","_kad_post_feature_position":"","_kad_post_header":false,"_kad_post_footer":false,"_kad_post_classname":"","jetpack_post_was_ever_published":false,"_jetpack_newsletter_access":"","_jetpack_dont_email_post_to_subs":false,"_jetpack_newsletter_tier_id":0,"_jetpack_memberships_contains_paywalled_content":false,"_jetpack_memberships_contains_paid_content":false,"footnotes":"","jetpack_publicize_message":"","jetpack_publicize_feature_enabled":true,"jetpack_social_post_already_shared":true,"jetpack_social_options":{"image_generator_settings":{"template":"highway","default_image_id":0,"font":"","enabled":false},"version":2}},"categories":[1],"tags":[967,969,383,692,901,968,905,971,970],"class_list":["post-32549","post","type-post","status-publish","format-standard","has-post-thumbnail","hentry","category-uncategorized","tag-aime-cesaire","tag-carbone","tag-cin","tag-commerces","tag-grand-canal","tag-plaine","tag-plui","tag-pmhh","tag-sdrif"],"author_meta":{"display_name":"CCadminWP","author_link":"https:\/\/clamart-citoyenne.fr\/?author=1"},"featured_img":"https:\/\/clamart-citoyenne.fr\/wp-content\/uploads\/2022\/07\/img_62c682527c6ad-300x149.png","jetpack_publicize_connections":[],"jetpack_featured_media_url":"https:\/\/clamart-citoyenne.fr\/wp-content\/uploads\/2022\/07\/img_62c682527c6ad.png","coauthors":[],"tax_additional":{"categories":{"linked":["<a href=\"https:\/\/clamart-citoyenne.fr\/?cat=1\" class=\"advgb-post-tax-term\">Uncategorized<\/a>"],"unlinked":["<span class=\"advgb-post-tax-term\">Uncategorized<\/span>"]},"tags":{"linked":["<a href=\"https:\/\/clamart-citoyenne.fr\/?cat=1\" class=\"advgb-post-tax-term\">Aim\u00e9 C\u00e9saire<\/a>","<a href=\"https:\/\/clamart-citoyenne.fr\/?cat=1\" class=\"advgb-post-tax-term\">Carbone<\/a>","<a href=\"https:\/\/clamart-citoyenne.fr\/?cat=1\" class=\"advgb-post-tax-term\">CIN<\/a>","<a href=\"https:\/\/clamart-citoyenne.fr\/?cat=1\" class=\"advgb-post-tax-term\">Commerces<\/a>","<a href=\"https:\/\/clamart-citoyenne.fr\/?cat=1\" class=\"advgb-post-tax-term\">Grand Canal<\/a>","<a href=\"https:\/\/clamart-citoyenne.fr\/?cat=1\" class=\"advgb-post-tax-term\">Plaine<\/a>","<a href=\"https:\/\/clamart-citoyenne.fr\/?cat=1\" class=\"advgb-post-tax-term\">PLUI<\/a>","<a href=\"https:\/\/clamart-citoyenne.fr\/?cat=1\" class=\"advgb-post-tax-term\">PMHH<\/a>","<a href=\"https:\/\/clamart-citoyenne.fr\/?cat=1\" class=\"advgb-post-tax-term\">SDRIF<\/a>"],"unlinked":["<span class=\"advgb-post-tax-term\">Aim\u00e9 C\u00e9saire<\/span>","<span class=\"advgb-post-tax-term\">Carbone<\/span>","<span class=\"advgb-post-tax-term\">CIN<\/span>","<span class=\"advgb-post-tax-term\">Commerces<\/span>","<span class=\"advgb-post-tax-term\">Grand Canal<\/span>","<span class=\"advgb-post-tax-term\">Plaine<\/span>","<span class=\"advgb-post-tax-term\">PLUI<\/span>","<span class=\"advgb-post-tax-term\">PMHH<\/span>","<span class=\"advgb-post-tax-term\">SDRIF<\/span>"]}},"comment_count":"1","relative_dates":{"created":"Publi\u00e9 4 ans il y a","modified":"Mis \u00e0 jour 4 ans il y a"},"absolute_dates":{"created":"Publi\u00e9 le 07\/07\/2022","modified":"Mise \u00e0 jour le 07\/07\/2022"},"absolute_dates_time":{"created":"Publi\u00e9 le 07\/07\/2022 09:01","modified":"Mise \u00e0 jour le 07\/07\/2022 17:43"},"featured_img_caption":"","series_order":"","jetpack_sharing_enabled":true,"jetpack_shortlink":"https:\/\/wp.me\/p7cbn9-8sZ","jetpack_likes_enabled":true,"_links":{"self":[{"href":"https:\/\/clamart-citoyenne.fr\/index.php?rest_route=\/wp\/v2\/posts\/32549","targetHints":{"allow":["GET"]}}],"collection":[{"href":"https:\/\/clamart-citoyenne.fr\/index.php?rest_route=\/wp\/v2\/posts"}],"about":[{"href":"https:\/\/clamart-citoyenne.fr\/index.php?rest_route=\/wp\/v2\/types\/post"}],"author":[{"embeddable":true,"href":"https:\/\/clamart-citoyenne.fr\/index.php?rest_route=\/wp\/v2\/users\/1"}],"replies":[{"embeddable":true,"href":"https:\/\/clamart-citoyenne.fr\/index.php?rest_route=%2Fwp%2Fv2%2Fcomments&post=32549"}],"version-history":[{"count":5,"href":"https:\/\/clamart-citoyenne.fr\/index.php?rest_route=\/wp\/v2\/posts\/32549\/revisions"}],"predecessor-version":[{"id":32556,"href":"https:\/\/clamart-citoyenne.fr\/index.php?rest_route=\/wp\/v2\/posts\/32549\/revisions\/32556"}],"wp:featuredmedia":[{"embeddable":true,"href":"https:\/\/clamart-citoyenne.fr\/index.php?rest_route=\/wp\/v2\/media\/32550"}],"wp:attachment":[{"href":"https:\/\/clamart-citoyenne.fr\/index.php?rest_route=%2Fwp%2Fv2%2Fmedia&parent=32549"}],"wp:term":[{"taxonomy":"category","embeddable":true,"href":"https:\/\/clamart-citoyenne.fr\/index.php?rest_route=%2Fwp%2Fv2%2Fcategories&post=32549"},{"taxonomy":"post_tag","embeddable":true,"href":"https:\/\/clamart-citoyenne.fr\/index.php?rest_route=%2Fwp%2Fv2%2Ftags&post=32549"}],"curies":[{"name":"wp","href":"https:\/\/api.w.org\/{rel}","templated":true}]}}