{"id":32826,"date":"2022-11-19T18:58:11","date_gmt":"2022-11-19T16:58:11","guid":{"rendered":"https:\/\/clamart-citoyenne.fr\/?p=32826"},"modified":"2022-11-26T09:45:41","modified_gmt":"2022-11-26T07:45:41","slug":"inauguration-de-5-arceaux-velos-par-le-maire-de-clamart","status":"publish","type":"post","link":"https:\/\/clamart-citoyenne.fr\/?p=32826","title":{"rendered":"Inauguration de 5 arceaux v\u00e9los par le maire de Clamart&#8230;"},"content":{"rendered":"<p><em>Le maire s&rsquo;essaye au surf sur la vague \u00e9cologiste&#8230;<\/em><br \/>\n<em>Attention \u00e0 la chute !<\/em><\/p>\n<p>Ce matin le Maire de Clamart a inaugur\u00e9 en grande pompe (ruban tricolore, ciseaux dor\u00e9s, casque aux couleurs de la r\u00e9publique et cocktail), seul avec quelques adjoints et beaucoup de photographes, 5 arceaux pour attacher des v\u00e9los.<\/p>\n<p>&nbsp;<\/p>\n<p><a href=\"https:\/\/clamart-citoyenne.fr\/wp-content\/uploads\/2022\/11\/img_6378fe70b4b80.png\"><img loading=\"lazy\" decoding=\"async\" class=\"alignleft\" src=\"https:\/\/clamart-citoyenne.fr\/wp-content\/uploads\/2022\/11\/img_6378fe70b4b80.png\" width=\"295\" height=\"221\" \/><\/a><\/p>\n<p><a href=\"https:\/\/clamart-citoyenne.fr\/wp-content\/uploads\/2022\/11\/img_6378fea061a46.png\"><img loading=\"lazy\" decoding=\"async\" class=\"alignright\" src=\"https:\/\/clamart-citoyenne.fr\/wp-content\/uploads\/2022\/11\/img_6378fea061a46.png\" width=\"295\" height=\"221\" \/><\/a><\/p>\n<p><a href=\"https:\/\/clamart-citoyenne.fr\/wp-content\/uploads\/2022\/11\/img_6378ff5213282.png\"><img loading=\"lazy\" decoding=\"async\" class=\"alignleft\" src=\"https:\/\/clamart-citoyenne.fr\/wp-content\/uploads\/2022\/11\/img_6378ff5213282.png\" width=\"224\" height=\"168\" \/><\/a><\/p>\n<p>Grosse op\u00e9ration de communication alors qu\u2019il n\u2019y a toujours pas de pistes cyclables s\u00e9curis\u00e9es dans notre ville. La circulation en v\u00e9lo ne peut pas se d\u00e9velopper dans ces conditions.<\/p>\n<p>La pr\u00e9occupation des Clamartois est de toutes fa\u00e7ons ailleurs en ce moment : les transports en commun sont devenus un cauchemar. Chute de la fr\u00e9quence des bus, tramway et bus bond\u00e9s, arr\u00eats d\u00e9plac\u00e9s sans information.<\/p>\n<p>Au niveau de l\u2019Ile de France il en va de m\u00eame pour les lignes de m\u00e9tro et de RER. De quoi \u00e9c\u0153urer les citoyens de les utiliser, alors que le prix de l\u2019essence explose et que la voiture ne devrait plus \u00eatre le mode de transport privil\u00e9gi\u00e9.<\/p>\n<p>Et dans ce contexte Val\u00e9rie P\u00e9cresse, pr\u00e9sidente de la r\u00e9gion Ile-de-France*, annonce que le Pass Navigo devra passer \u00e0 100 euros\u2026<\/p>\n<p>#Ecologie et #JusticeSociale, stop #GreenWashing<\/p>\n<div class=\"entry-content-asset videofit\">\n<div class=\"jetpack-video-wrapper\"><iframe loading=\"lazy\" title=\"2022-11-19 Inauguration de 5 arceaux \u00e0 v\u00e9los Clamart\" src=\"https:\/\/player.vimeo.com\/video\/772817496?dnt=1&amp;app_id=122963\" width=\"640\" height=\"352\" frameborder=\"0\" allow=\"autoplay; fullscreen; picture-in-picture; clipboard-write\"><\/iframe><\/div>\n<\/div>\n<p>*Rappelons que le maire, pr\u00e9sident du Territoire VSGP,\u00a0 est \u00e9galement premier vice-pr\u00e9sident de la r\u00e9gion IdF&#8230;<\/p>\n\n<div class=\"twitter-share\"><a href=\"https:\/\/twitter.com\/intent\/tweet?via=clamartcitoy\" class=\"twitter-share-button\">Tweet<\/a><\/div>\n","protected":false},"excerpt":{"rendered":"<p>Le maire s&rsquo;essaye au surf sur la vague \u00e9cologiste&#8230; Attention \u00e0 la chute ! Ce matin le Maire de Clamart a inaugur\u00e9 en grande pompe (ruban tricolore, ciseaux dor\u00e9s, casque aux couleurs de la r\u00e9publique et cocktail), seul avec quelques adjoints et beaucoup de photographes, 5 arceaux pour attacher des v\u00e9los. &nbsp; Grosse op\u00e9ration de&#8230;<\/p>\n","protected":false},"author":1,"featured_media":32828,"comment_status":"open","ping_status":"open","sticky":false,"template":"","format":"standard","meta":{"advgb_blocks_editor_width":"","advgb_blocks_columns_visual_guide":"","_kad_post_transparent":"","_kad_post_title":"","_kad_post_layout":"","_kad_post_sidebar_id":"","_kad_post_content_style":"","_kad_post_vertical_padding":"","_kad_post_feature":"","_kad_post_feature_position":"","_kad_post_header":false,"_kad_post_footer":false,"_kad_post_classname":"","jetpack_post_was_ever_published":false,"_jetpack_newsletter_access":"","_jetpack_dont_email_post_to_subs":false,"_jetpack_newsletter_tier_id":0,"_jetpack_memberships_contains_paywalled_content":false,"_jetpack_memberships_contains_paid_content":false,"footnotes":"","jetpack_publicize_message":"","jetpack_publicize_feature_enabled":true,"jetpack_social_post_already_shared":true,"jetpack_social_options":{"image_generator_settings":{"template":"highway","default_image_id":0,"font":"","enabled":false},"version":2}},"categories":[1],"tags":[1010,1011,727,1009,1012,1013,91],"class_list":["post-32826","post","type-post","status-publish","format-standard","has-post-thumbnail","hentry","category-uncategorized","tag-arceaux","tag-cocktail","tag-greenwashing","tag-inauguration","tag-nimporte-quoi","tag-petits-fours","tag-velos"],"author_meta":{"display_name":"CCadminWP","author_link":"https:\/\/clamart-citoyenne.fr\/?author=1"},"featured_img":"https:\/\/clamart-citoyenne.fr\/wp-content\/uploads\/2022\/11\/img_6378fe70b4b80-300x225.png","jetpack_publicize_connections":[],"jetpack_featured_media_url":"https:\/\/clamart-citoyenne.fr\/wp-content\/uploads\/2022\/11\/img_6378fe70b4b80.png","coauthors":[],"tax_additional":{"categories":{"linked":["<a href=\"https:\/\/clamart-citoyenne.fr\/?cat=1\" class=\"advgb-post-tax-term\">Uncategorized<\/a>"],"unlinked":["<span class=\"advgb-post-tax-term\">Uncategorized<\/span>"]},"tags":{"linked":["<a href=\"https:\/\/clamart-citoyenne.fr\/?cat=1\" class=\"advgb-post-tax-term\">Arceaux<\/a>","<a href=\"https:\/\/clamart-citoyenne.fr\/?cat=1\" class=\"advgb-post-tax-term\">Cocktail<\/a>","<a href=\"https:\/\/clamart-citoyenne.fr\/?cat=1\" class=\"advgb-post-tax-term\">Greenwashing<\/a>","<a href=\"https:\/\/clamart-citoyenne.fr\/?cat=1\" class=\"advgb-post-tax-term\">Inauguration<\/a>","<a href=\"https:\/\/clamart-citoyenne.fr\/?cat=1\" class=\"advgb-post-tax-term\">N&#039;importe quoi<\/a>","<a href=\"https:\/\/clamart-citoyenne.fr\/?cat=1\" class=\"advgb-post-tax-term\">Petits fours<\/a>","<a href=\"https:\/\/clamart-citoyenne.fr\/?cat=1\" class=\"advgb-post-tax-term\">V\u00e9los<\/a>"],"unlinked":["<span class=\"advgb-post-tax-term\">Arceaux<\/span>","<span class=\"advgb-post-tax-term\">Cocktail<\/span>","<span class=\"advgb-post-tax-term\">Greenwashing<\/span>","<span class=\"advgb-post-tax-term\">Inauguration<\/span>","<span class=\"advgb-post-tax-term\">N&#039;importe quoi<\/span>","<span class=\"advgb-post-tax-term\">Petits fours<\/span>","<span class=\"advgb-post-tax-term\">V\u00e9los<\/span>"]}},"comment_count":"0","relative_dates":{"created":"Publi\u00e9 3 ans il y a","modified":"Mis \u00e0 jour 3 ans il y a"},"absolute_dates":{"created":"Publi\u00e9 le 19\/11\/2022","modified":"Mise \u00e0 jour le 26\/11\/2022"},"absolute_dates_time":{"created":"Publi\u00e9 le 19\/11\/2022 18:58","modified":"Mise \u00e0 jour le 26\/11\/2022 09:45"},"featured_img_caption":"","series_order":"","jetpack_sharing_enabled":true,"jetpack_shortlink":"https:\/\/wp.me\/p7cbn9-8xs","jetpack_likes_enabled":true,"_links":{"self":[{"href":"https:\/\/clamart-citoyenne.fr\/index.php?rest_route=\/wp\/v2\/posts\/32826","targetHints":{"allow":["GET"]}}],"collection":[{"href":"https:\/\/clamart-citoyenne.fr\/index.php?rest_route=\/wp\/v2\/posts"}],"about":[{"href":"https:\/\/clamart-citoyenne.fr\/index.php?rest_route=\/wp\/v2\/types\/post"}],"author":[{"embeddable":true,"href":"https:\/\/clamart-citoyenne.fr\/index.php?rest_route=\/wp\/v2\/users\/1"}],"replies":[{"embeddable":true,"href":"https:\/\/clamart-citoyenne.fr\/index.php?rest_route=%2Fwp%2Fv2%2Fcomments&post=32826"}],"version-history":[{"count":9,"href":"https:\/\/clamart-citoyenne.fr\/index.php?rest_route=\/wp\/v2\/posts\/32826\/revisions"}],"predecessor-version":[{"id":32838,"href":"https:\/\/clamart-citoyenne.fr\/index.php?rest_route=\/wp\/v2\/posts\/32826\/revisions\/32838"}],"wp:featuredmedia":[{"embeddable":true,"href":"https:\/\/clamart-citoyenne.fr\/index.php?rest_route=\/wp\/v2\/media\/32828"}],"wp:attachment":[{"href":"https:\/\/clamart-citoyenne.fr\/index.php?rest_route=%2Fwp%2Fv2%2Fmedia&parent=32826"}],"wp:term":[{"taxonomy":"category","embeddable":true,"href":"https:\/\/clamart-citoyenne.fr\/index.php?rest_route=%2Fwp%2Fv2%2Fcategories&post=32826"},{"taxonomy":"post_tag","embeddable":true,"href":"https:\/\/clamart-citoyenne.fr\/index.php?rest_route=%2Fwp%2Fv2%2Ftags&post=32826"}],"curies":[{"name":"wp","href":"https:\/\/api.w.org\/{rel}","templated":true}]}}