{"id":33576,"date":"2023-11-11T17:05:47","date_gmt":"2023-11-11T15:05:47","guid":{"rendered":"https:\/\/clamart-citoyenne.fr\/?p=33576"},"modified":"2023-11-11T17:18:42","modified_gmt":"2023-11-11T15:18:42","slug":"commemoration-du-105eme-anniversaire-de-larmistice-du-11-novembre-1918","status":"publish","type":"post","link":"https:\/\/clamart-citoyenne.fr\/?p=33576","title":{"rendered":"Comm\u00e9moration du 105\u00e8me anniversaire de l\u2019armistice du 11 novembre 1918"},"content":{"rendered":"\n<p><img loading=\"lazy\" decoding=\"async\" height=\"16\" width=\"16\" alt=\"&#x1f1eb;&#x1f1f7;\" src=\"https:\/\/static.xx.fbcdn.net\/images\/emoji.php\/v9\/t74\/1\/16\/1f1eb_1f1f7.png\"> Ce samedi, <a href=\"https:\/\/www.facebook.com\/ClamartCitoyenne?__cft__[0]=AZXs7mh3nOS6B55DfXMHvjVity-Ld7xc58F1YF7z16iU_wO_Xp5Dyeym59kyEq1MR091NH5kHl29mz4nBGh40dqL9sVpa-xlAwBHtvjwy59f3hsIIdabhh7v3lrC1D8OYDydjiJL3Ko9HXBIe9Ov_MSNdL0aw9ujSG1UgmLu3auYTQ&amp;__tn__=-]K-R\">Clamart Citoyenne<\/a> \u00e9tait pr\u00e9sente \u00e0 la c\u00e9r\u00e9monie comm\u00e9morative du 105\u00e8me anniversaire de l\u2019armistice du 11 novembre 1918.<\/p>\n\n\n\n<p><img loading=\"lazy\" decoding=\"async\" height=\"16\" width=\"16\" alt=\"&#x1f3f5;&#xfe0f;\" src=\"https:\/\/static.xx.fbcdn.net\/images\/emoji.php\/v9\/t1a\/1\/16\/1f3f5.png\"> A cette occasion, j\u2019ai eu l\u2019honneur avec Nathalie MANGEARD-BLOCH, \u00e9galement conseill\u00e8re municipale de la ville de Clamart, de d\u00e9poser une couronne de fleurs au nom de <a href=\"https:\/\/www.facebook.com\/POuzoulias?__cft__[0]=AZXs7mh3nOS6B55DfXMHvjVity-Ld7xc58F1YF7z16iU_wO_Xp5Dyeym59kyEq1MR091NH5kHl29mz4nBGh40dqL9sVpa-xlAwBHtvjwy59f3hsIIdabhh7v3lrC1D8OYDydjiJL3Ko9HXBIe9Ov_MSNdL0aw9ujSG1UgmLu3auYTQ&amp;__tn__=-]K-R\">Pierre Ouzoulias<\/a>, s\u00e9nateur des Hauts-de-Seine.<\/p>\n\n\n\n<p><img loading=\"lazy\" decoding=\"async\" height=\"16\" width=\"16\" alt=\"&#x1f396;&#xfe0f;\" src=\"https:\/\/static.xx.fbcdn.net\/images\/emoji.php\/v9\/ta8\/1\/16\/1f396.png\"> Les \u00e9l\u00e8ves et enseignants des \u00c9coles L\u00e9opold S\u00e9dar-Senghor et de Moulin de Pierres assistaient \u00e0 la c\u00e9r\u00e9monie dans le cadre des Classes de D\u00e9fense mis en place entre les Minist\u00e8res de l\u2019Education Nationale et des Arm\u00e9es afin de renforcer le lien Arm\u00e9es-Nation.<\/p>\n\n\n\n<p>Deux drapeaux d\u2019associations de combattants, dont les membres ont disparu, ont \u00e9t\u00e9 confi\u00e9s aux deux \u00e9tablissements.<\/p>\n\n\n\n<p><em>David Hyunh<\/em><\/p>\n\n\n\n<figure class=\"wp-block-gallery has-nested-images columns-default is-cropped wp-block-gallery-2 is-layout-flex wp-block-gallery-is-layout-flex\">\n<figure class=\"wp-block-image size-large\"><a href=\"https:\/\/clamart-citoyenne.fr\/wp-content\/uploads\/2023\/11\/image-1.png\"><img loading=\"lazy\" decoding=\"async\" width=\"450\" height=\"600\" data-id=\"33577\" src=\"https:\/\/clamart-citoyenne.fr\/wp-content\/uploads\/2023\/11\/image-1.png\" alt=\"\" class=\"wp-image-33577\" srcset=\"https:\/\/clamart-citoyenne.fr\/wp-content\/uploads\/2023\/11\/image-1.png 450w, https:\/\/clamart-citoyenne.fr\/wp-content\/uploads\/2023\/11\/image-1-225x300.png 225w\" sizes=\"auto, (max-width: 450px) 100vw, 450px\" \/><\/a><\/figure>\n\n\n\n<figure class=\"wp-block-image size-large\"><a href=\"https:\/\/clamart-citoyenne.fr\/wp-content\/uploads\/2023\/11\/image-2.png\"><img loading=\"lazy\" decoding=\"async\" width=\"600\" height=\"450\" data-id=\"33578\" src=\"https:\/\/clamart-citoyenne.fr\/wp-content\/uploads\/2023\/11\/image-2.png\" alt=\"\" class=\"wp-image-33578\" srcset=\"https:\/\/clamart-citoyenne.fr\/wp-content\/uploads\/2023\/11\/image-2.png 600w, https:\/\/clamart-citoyenne.fr\/wp-content\/uploads\/2023\/11\/image-2-300x225.png 300w\" sizes=\"auto, (max-width: 600px) 100vw, 600px\" \/><\/a><\/figure>\n\n\n\n<figure class=\"wp-block-image size-large\"><a href=\"https:\/\/clamart-citoyenne.fr\/wp-content\/uploads\/2023\/11\/image-3.png\"><img loading=\"lazy\" decoding=\"async\" width=\"600\" height=\"450\" data-id=\"33579\" src=\"https:\/\/clamart-citoyenne.fr\/wp-content\/uploads\/2023\/11\/image-3.png\" alt=\"\" class=\"wp-image-33579\" srcset=\"https:\/\/clamart-citoyenne.fr\/wp-content\/uploads\/2023\/11\/image-3.png 600w, https:\/\/clamart-citoyenne.fr\/wp-content\/uploads\/2023\/11\/image-3-300x225.png 300w\" sizes=\"auto, (max-width: 600px) 100vw, 600px\" \/><\/a><\/figure>\n\n\n\n<figure class=\"wp-block-image size-large\"><a href=\"https:\/\/clamart-citoyenne.fr\/wp-content\/uploads\/2023\/11\/11-11-2023.jpg\"><img loading=\"lazy\" decoding=\"async\" width=\"1024\" height=\"768\" data-id=\"33581\" src=\"https:\/\/clamart-citoyenne.fr\/wp-content\/uploads\/2023\/11\/11-11-2023-1024x768.jpg\" alt=\"\" class=\"wp-image-33581\" srcset=\"https:\/\/clamart-citoyenne.fr\/wp-content\/uploads\/2023\/11\/11-11-2023-1024x768.jpg 1024w, https:\/\/clamart-citoyenne.fr\/wp-content\/uploads\/2023\/11\/11-11-2023-300x225.jpg 300w, https:\/\/clamart-citoyenne.fr\/wp-content\/uploads\/2023\/11\/11-11-2023-768x576.jpg 768w, https:\/\/clamart-citoyenne.fr\/wp-content\/uploads\/2023\/11\/11-11-2023-1536x1152.jpg 1536w, https:\/\/clamart-citoyenne.fr\/wp-content\/uploads\/2023\/11\/11-11-2023.jpg 2048w\" sizes=\"auto, (max-width: 1024px) 100vw, 1024px\" \/><\/a><\/figure>\n<\/figure>\n\n<div class=\"twitter-share\"><a href=\"https:\/\/twitter.com\/intent\/tweet?via=clamartcitoy\" class=\"twitter-share-button\">Tweet<\/a><\/div>\n","protected":false},"excerpt":{"rendered":"<p>Ce samedi, Clamart Citoyenne \u00e9tait pr\u00e9sente \u00e0 la c\u00e9r\u00e9monie comm\u00e9morative du 105\u00e8me anniversaire de l\u2019armistice du 11 novembre 1918. A cette occasion, j\u2019ai eu l\u2019honneur avec Nathalie MANGEARD-BLOCH, \u00e9galement conseill\u00e8re municipale de la ville de Clamart, de d\u00e9poser une couronne de fleurs au nom de Pierre Ouzoulias, s\u00e9nateur des Hauts-de-Seine. Les \u00e9l\u00e8ves et enseignants des&#8230;<\/p>\n","protected":false},"author":1,"featured_media":0,"comment_status":"open","ping_status":"open","sticky":false,"template":"","format":"standard","meta":{"advgb_blocks_editor_width":"","advgb_blocks_columns_visual_guide":"","_kad_post_transparent":"","_kad_post_title":"","_kad_post_layout":"","_kad_post_sidebar_id":"","_kad_post_content_style":"","_kad_post_vertical_padding":"","_kad_post_feature":"","_kad_post_feature_position":"","_kad_post_header":false,"_kad_post_footer":false,"_kad_post_classname":"","jetpack_post_was_ever_published":false,"_jetpack_newsletter_access":"","_jetpack_dont_email_post_to_subs":false,"_jetpack_newsletter_tier_id":0,"_jetpack_memberships_contains_paywalled_content":false,"_jetpack_memberships_contains_paid_content":false,"footnotes":"","jetpack_publicize_message":"","jetpack_publicize_feature_enabled":true,"jetpack_social_post_already_shared":true,"jetpack_social_options":{"image_generator_settings":{"template":"highway","default_image_id":0,"font":"","enabled":false},"version":2}},"categories":[1],"tags":[55,57,245,1002,1200,56],"class_list":["post-33576","post","type-post","status-publish","format-standard","hentry","category-uncategorized","tag-11-novembre","tag-commemoration","tag-memoire","tag-paix","tag-senat","tag-souvenir"],"author_meta":{"display_name":"CCadminWP","author_link":"https:\/\/clamart-citoyenne.fr\/?author=1"},"featured_img":null,"jetpack_publicize_connections":[],"jetpack_featured_media_url":"","coauthors":[],"tax_additional":{"categories":{"linked":["<a href=\"https:\/\/clamart-citoyenne.fr\/?cat=1\" class=\"advgb-post-tax-term\">Uncategorized<\/a>"],"unlinked":["<span class=\"advgb-post-tax-term\">Uncategorized<\/span>"]},"tags":{"linked":["<a href=\"https:\/\/clamart-citoyenne.fr\/?cat=1\" class=\"advgb-post-tax-term\">11 novembre<\/a>","<a href=\"https:\/\/clamart-citoyenne.fr\/?cat=1\" class=\"advgb-post-tax-term\">Comm\u00e9moration<\/a>","<a href=\"https:\/\/clamart-citoyenne.fr\/?cat=1\" class=\"advgb-post-tax-term\">M\u00e9moire<\/a>","<a href=\"https:\/\/clamart-citoyenne.fr\/?cat=1\" class=\"advgb-post-tax-term\">Paix<\/a>","<a href=\"https:\/\/clamart-citoyenne.fr\/?cat=1\" class=\"advgb-post-tax-term\">S\u00e9nat<\/a>","<a href=\"https:\/\/clamart-citoyenne.fr\/?cat=1\" class=\"advgb-post-tax-term\">souvenir<\/a>"],"unlinked":["<span class=\"advgb-post-tax-term\">11 novembre<\/span>","<span class=\"advgb-post-tax-term\">Comm\u00e9moration<\/span>","<span class=\"advgb-post-tax-term\">M\u00e9moire<\/span>","<span class=\"advgb-post-tax-term\">Paix<\/span>","<span class=\"advgb-post-tax-term\">S\u00e9nat<\/span>","<span class=\"advgb-post-tax-term\">souvenir<\/span>"]}},"comment_count":"1","relative_dates":{"created":"Publi\u00e9 2 ans il y a","modified":"Mis \u00e0 jour 2 ans il y a"},"absolute_dates":{"created":"Publi\u00e9 le 11\/11\/2023","modified":"Mise \u00e0 jour le 11\/11\/2023"},"absolute_dates_time":{"created":"Publi\u00e9 le 11\/11\/2023 17:05","modified":"Mise \u00e0 jour le 11\/11\/2023 17:18"},"featured_img_caption":"","series_order":"","jetpack_sharing_enabled":true,"jetpack_shortlink":"https:\/\/wp.me\/p7cbn9-8Jy","jetpack_likes_enabled":true,"_links":{"self":[{"href":"https:\/\/clamart-citoyenne.fr\/index.php?rest_route=\/wp\/v2\/posts\/33576","targetHints":{"allow":["GET"]}}],"collection":[{"href":"https:\/\/clamart-citoyenne.fr\/index.php?rest_route=\/wp\/v2\/posts"}],"about":[{"href":"https:\/\/clamart-citoyenne.fr\/index.php?rest_route=\/wp\/v2\/types\/post"}],"author":[{"embeddable":true,"href":"https:\/\/clamart-citoyenne.fr\/index.php?rest_route=\/wp\/v2\/users\/1"}],"replies":[{"embeddable":true,"href":"https:\/\/clamart-citoyenne.fr\/index.php?rest_route=%2Fwp%2Fv2%2Fcomments&post=33576"}],"version-history":[{"count":3,"href":"https:\/\/clamart-citoyenne.fr\/index.php?rest_route=\/wp\/v2\/posts\/33576\/revisions"}],"predecessor-version":[{"id":33583,"href":"https:\/\/clamart-citoyenne.fr\/index.php?rest_route=\/wp\/v2\/posts\/33576\/revisions\/33583"}],"wp:attachment":[{"href":"https:\/\/clamart-citoyenne.fr\/index.php?rest_route=%2Fwp%2Fv2%2Fmedia&parent=33576"}],"wp:term":[{"taxonomy":"category","embeddable":true,"href":"https:\/\/clamart-citoyenne.fr\/index.php?rest_route=%2Fwp%2Fv2%2Fcategories&post=33576"},{"taxonomy":"post_tag","embeddable":true,"href":"https:\/\/clamart-citoyenne.fr\/index.php?rest_route=%2Fwp%2Fv2%2Ftags&post=33576"}],"curies":[{"name":"wp","href":"https:\/\/api.w.org\/{rel}","templated":true}]}}