{"id":34029,"date":"2024-05-08T18:05:20","date_gmt":"2024-05-08T16:05:20","guid":{"rendered":"https:\/\/clamart-citoyenne.fr\/?p=34029"},"modified":"2024-05-12T19:20:17","modified_gmt":"2024-05-12T17:20:17","slug":"commemoration-de-la-victoire-du-8-mai-1945-2","status":"publish","type":"post","link":"https:\/\/clamart-citoyenne.fr\/?p=34029","title":{"rendered":"Comm\u00e9moration de la victoire du 8 mai 1945"},"content":{"rendered":"\n<p>Ce matin Clamart a c\u00e9l\u00e9br\u00e9 le 79e anniversaire de la Victoire des alli\u00e9s sur l&rsquo;Allemagne nazie et la fin de la seconde guerre mondiale en Europe.<\/p>\n\n\n\n<p>Une  c\u00e9r\u00e9monie a eu lieu au cimeti\u00e8re communal du Bois-Tardieu, au monument aux Morts, \u00e0 la m\u00e9moire de tous ceux qui ont combattu pour la Libert\u00e9 et des dizaines de millions de victimes de cette guerre.<\/p>\n\n\n\n<p>Clamart Citoyenne \u00e9tait repr\u00e9sent\u00e9e par Nathalie Mangeard-Bloch, Conseill\u00e8re Municipale.<\/p>\n\n\n<div class=\"wp-block-image\">\n<figure class=\"aligncenter size-large is-resized\"><a href=\"https:\/\/clamart-citoyenne.fr\/wp-content\/uploads\/2024\/05\/IMG_0948LQ-scaled.jpg\"><img loading=\"lazy\" decoding=\"async\" width=\"1024\" height=\"768\" src=\"https:\/\/clamart-citoyenne.fr\/wp-content\/uploads\/2024\/05\/IMG_0948LQ-1024x768.jpg\" alt=\"\" class=\"wp-image-34031\" style=\"width:411px;height:auto\" srcset=\"https:\/\/clamart-citoyenne.fr\/wp-content\/uploads\/2024\/05\/IMG_0948LQ-1024x768.jpg 1024w, https:\/\/clamart-citoyenne.fr\/wp-content\/uploads\/2024\/05\/IMG_0948LQ-300x225.jpg 300w, https:\/\/clamart-citoyenne.fr\/wp-content\/uploads\/2024\/05\/IMG_0948LQ-768x576.jpg 768w, https:\/\/clamart-citoyenne.fr\/wp-content\/uploads\/2024\/05\/IMG_0948LQ-1536x1152.jpg 1536w, https:\/\/clamart-citoyenne.fr\/wp-content\/uploads\/2024\/05\/IMG_0948LQ-2048x1536.jpg 2048w\" sizes=\"auto, (max-width: 1024px) 100vw, 1024px\" \/><\/a><\/figure><\/div>\n<div class=\"twitter-share\"><a href=\"https:\/\/twitter.com\/intent\/tweet?via=clamartcitoy\" class=\"twitter-share-button\">Tweet<\/a><\/div>\n","protected":false},"excerpt":{"rendered":"<p>Ce matin Clamart a c\u00e9l\u00e9br\u00e9 le 79e anniversaire de la Victoire des alli\u00e9s sur l&rsquo;Allemagne nazie et la fin de la seconde guerre mondiale en Europe. Une c\u00e9r\u00e9monie a eu lieu au cimeti\u00e8re communal du Bois-Tardieu, au monument aux Morts, \u00e0 la m\u00e9moire de tous ceux qui ont combattu pour la Libert\u00e9 et des dizaines&#8230;<\/p>\n","protected":false},"author":1,"featured_media":34031,"comment_status":"open","ping_status":"open","sticky":false,"template":"","format":"standard","meta":{"advgb_blocks_editor_width":"","advgb_blocks_columns_visual_guide":"","_kad_post_transparent":"","_kad_post_title":"","_kad_post_layout":"","_kad_post_sidebar_id":"","_kad_post_content_style":"","_kad_post_vertical_padding":"","_kad_post_feature":"","_kad_post_feature_position":"","_kad_post_header":false,"_kad_post_footer":false,"_kad_post_classname":"","jetpack_post_was_ever_published":false,"_jetpack_newsletter_access":"","_jetpack_dont_email_post_to_subs":false,"_jetpack_newsletter_tier_id":0,"_jetpack_memberships_contains_paywalled_content":false,"_jetpack_memberships_contains_paid_content":false,"footnotes":"","jetpack_publicize_message":"","jetpack_publicize_feature_enabled":true,"jetpack_social_post_already_shared":true,"jetpack_social_options":{"image_generator_settings":{"template":"highway","default_image_id":0,"font":"","enabled":false},"version":2}},"categories":[1],"tags":[813,1294,57],"class_list":["post-34029","post","type-post","status-publish","format-standard","has-post-thumbnail","hentry","category-uncategorized","tag-813","tag-8-mai-1945","tag-commemoration"],"author_meta":{"display_name":"CCadminWP","author_link":"https:\/\/clamart-citoyenne.fr\/?author=1"},"featured_img":"https:\/\/clamart-citoyenne.fr\/wp-content\/uploads\/2024\/05\/IMG_0948LQ-300x225.jpg","jetpack_publicize_connections":[],"jetpack_featured_media_url":"https:\/\/clamart-citoyenne.fr\/wp-content\/uploads\/2024\/05\/IMG_0948LQ-scaled.jpg","coauthors":[],"tax_additional":{"categories":{"linked":["<a href=\"https:\/\/clamart-citoyenne.fr\/?cat=1\" class=\"advgb-post-tax-term\">Uncategorized<\/a>"],"unlinked":["<span class=\"advgb-post-tax-term\">Uncategorized<\/span>"]},"tags":{"linked":["<a href=\"https:\/\/clamart-citoyenne.fr\/?cat=1\" class=\"advgb-post-tax-term\">1945<\/a>","<a href=\"https:\/\/clamart-citoyenne.fr\/?cat=1\" class=\"advgb-post-tax-term\">8 mai 1945<\/a>","<a href=\"https:\/\/clamart-citoyenne.fr\/?cat=1\" class=\"advgb-post-tax-term\">Comm\u00e9moration<\/a>"],"unlinked":["<span class=\"advgb-post-tax-term\">1945<\/span>","<span class=\"advgb-post-tax-term\">8 mai 1945<\/span>","<span class=\"advgb-post-tax-term\">Comm\u00e9moration<\/span>"]}},"comment_count":"0","relative_dates":{"created":"Publi\u00e9 2 ans il y a","modified":"Mis \u00e0 jour 2 ans il y a"},"absolute_dates":{"created":"Publi\u00e9 le 08\/05\/2024","modified":"Mise \u00e0 jour le 12\/05\/2024"},"absolute_dates_time":{"created":"Publi\u00e9 le 08\/05\/2024 18:05","modified":"Mise \u00e0 jour le 12\/05\/2024 19:20"},"featured_img_caption":"","series_order":"","jetpack_sharing_enabled":true,"jetpack_shortlink":"https:\/\/wp.me\/p7cbn9-8QR","jetpack_likes_enabled":true,"_links":{"self":[{"href":"https:\/\/clamart-citoyenne.fr\/index.php?rest_route=\/wp\/v2\/posts\/34029","targetHints":{"allow":["GET"]}}],"collection":[{"href":"https:\/\/clamart-citoyenne.fr\/index.php?rest_route=\/wp\/v2\/posts"}],"about":[{"href":"https:\/\/clamart-citoyenne.fr\/index.php?rest_route=\/wp\/v2\/types\/post"}],"author":[{"embeddable":true,"href":"https:\/\/clamart-citoyenne.fr\/index.php?rest_route=\/wp\/v2\/users\/1"}],"replies":[{"embeddable":true,"href":"https:\/\/clamart-citoyenne.fr\/index.php?rest_route=%2Fwp%2Fv2%2Fcomments&post=34029"}],"version-history":[{"count":3,"href":"https:\/\/clamart-citoyenne.fr\/index.php?rest_route=\/wp\/v2\/posts\/34029\/revisions"}],"predecessor-version":[{"id":34037,"href":"https:\/\/clamart-citoyenne.fr\/index.php?rest_route=\/wp\/v2\/posts\/34029\/revisions\/34037"}],"wp:featuredmedia":[{"embeddable":true,"href":"https:\/\/clamart-citoyenne.fr\/index.php?rest_route=\/wp\/v2\/media\/34031"}],"wp:attachment":[{"href":"https:\/\/clamart-citoyenne.fr\/index.php?rest_route=%2Fwp%2Fv2%2Fmedia&parent=34029"}],"wp:term":[{"taxonomy":"category","embeddable":true,"href":"https:\/\/clamart-citoyenne.fr\/index.php?rest_route=%2Fwp%2Fv2%2Fcategories&post=34029"},{"taxonomy":"post_tag","embeddable":true,"href":"https:\/\/clamart-citoyenne.fr\/index.php?rest_route=%2Fwp%2Fv2%2Ftags&post=34029"}],"curies":[{"name":"wp","href":"https:\/\/api.w.org\/{rel}","templated":true}]}}