{"id":34193,"date":"2024-10-01T10:07:22","date_gmt":"2024-10-01T08:07:22","guid":{"rendered":"https:\/\/clamart-citoyenne.fr\/?p=34193"},"modified":"2024-10-01T10:07:24","modified_gmt":"2024-10-01T08:07:24","slug":"tribune-octobre-2024","status":"publish","type":"post","link":"https:\/\/clamart-citoyenne.fr\/?p=34193","title":{"rendered":"Tribune octobre 2024"},"content":{"rendered":"\n<p><strong>730 jours<\/strong><\/p>\n\n\n<div class=\"wp-block-image\">\n<figure class=\"alignright size-large is-resized\"><a href=\"https:\/\/clamart-citoyenne.fr\/wp-content\/uploads\/2024\/10\/2024-08-07-Travaux-rue-pietonne-1-scaled.jpg\"><img loading=\"lazy\" decoding=\"async\" width=\"1024\" height=\"545\" src=\"https:\/\/clamart-citoyenne.fr\/wp-content\/uploads\/2024\/10\/2024-08-07-Travaux-rue-pietonne-1-1024x545.jpg\" alt=\"\" class=\"wp-image-34198\" style=\"width:331px;height:auto\" srcset=\"https:\/\/clamart-citoyenne.fr\/wp-content\/uploads\/2024\/10\/2024-08-07-Travaux-rue-pietonne-1-1024x545.jpg 1024w, https:\/\/clamart-citoyenne.fr\/wp-content\/uploads\/2024\/10\/2024-08-07-Travaux-rue-pietonne-1-300x160.jpg 300w, https:\/\/clamart-citoyenne.fr\/wp-content\/uploads\/2024\/10\/2024-08-07-Travaux-rue-pietonne-1-768x409.jpg 768w, https:\/\/clamart-citoyenne.fr\/wp-content\/uploads\/2024\/10\/2024-08-07-Travaux-rue-pietonne-1-1536x817.jpg 1536w, https:\/\/clamart-citoyenne.fr\/wp-content\/uploads\/2024\/10\/2024-08-07-Travaux-rue-pietonne-1-2048x1090.jpg 2048w\" sizes=\"auto, (max-width: 1024px) 100vw, 1024px\" \/><\/a><\/figure><\/div>\n\n\n<p>C\u2019est la dur\u00e9e actuelle des travaux de la rue pi\u00e9tonne dont les commer\u00e7ants ne voient pas la fin. Nous avons demand\u00e9 au conseil municipal de septembre que des mesures fortes soient prises pour les soutenir. Le maire nous a r\u00e9pondu que cela n\u2019\u00e9tait pas n\u00e9cessaire car certains auraient m\u00eame vu leur chiffre d\u2019affaires augmenter pendant les travaux\u2026 Nous invitons les commer\u00e7ants \u00e0 d\u00e9poser des dossiers d\u2019indemnisation aupr\u00e8s de VSGP. La mairie se doit de les accompagner dans leurs d\u00e9marches administratives.<\/p>\n\n\n\n<p><strong>D\u00e9fendons les services publics<\/strong><\/p>\n\n\n\n<p>Ils n\u2019ont que \u00e7a \u00e0 la bouche depuis leur retour au pouvoir&nbsp;: faire des \u00e9conomies sur les services publics. Pourtant ce n\u2019est pas ce qu\u2019attendait la majorit\u00e9 des Fran\u00e7ais.<\/p>\n\n\n<div class=\"wp-block-image\">\n<figure class=\"alignleft size-large is-resized\"><a href=\"https:\/\/clamart-citoyenne.fr\/wp-content\/uploads\/2024\/03\/WhatsApp-Image-2024-03-19-a-11.25.30_aeeb51d1.jpg\"><img loading=\"lazy\" decoding=\"async\" width=\"1024\" height=\"768\" src=\"https:\/\/clamart-citoyenne.fr\/wp-content\/uploads\/2024\/03\/WhatsApp-Image-2024-03-19-a-11.25.30_aeeb51d1-1024x768.jpg\" alt=\"\" class=\"wp-image-33901\" style=\"width:247px;height:auto\" srcset=\"https:\/\/clamart-citoyenne.fr\/wp-content\/uploads\/2024\/03\/WhatsApp-Image-2024-03-19-a-11.25.30_aeeb51d1-1024x768.jpg 1024w, https:\/\/clamart-citoyenne.fr\/wp-content\/uploads\/2024\/03\/WhatsApp-Image-2024-03-19-a-11.25.30_aeeb51d1-300x225.jpg 300w, https:\/\/clamart-citoyenne.fr\/wp-content\/uploads\/2024\/03\/WhatsApp-Image-2024-03-19-a-11.25.30_aeeb51d1-768x576.jpg 768w, https:\/\/clamart-citoyenne.fr\/wp-content\/uploads\/2024\/03\/WhatsApp-Image-2024-03-19-a-11.25.30_aeeb51d1-1536x1152.jpg 1536w, https:\/\/clamart-citoyenne.fr\/wp-content\/uploads\/2024\/03\/WhatsApp-Image-2024-03-19-a-11.25.30_aeeb51d1.jpg 2000w\" sizes=\"auto, (max-width: 1024px) 100vw, 1024px\" \/><\/a><\/figure><\/div>\n\n\n<p>La mairie a pris de l\u2019avance, elle qui refuse depuis 4 ans, contrairement aux communes voisines, de revaloriser le r\u00e9gime indemnitaire de ses agents municipaux. Ce refus d\u00e9grade leur pouvoir d\u2019achat et aggrave la p\u00e9nurie de personnel dans les centres de loisirs ou dans les cr\u00e8ches municipales, o\u00f9 des parents subissent des journ\u00e9es de fermeture entravant leur activit\u00e9 professionnelle.<\/p>\n\n\n\n<p>Et pendant ce temps l\u2019argent des Clamartois sert \u00e0 payer des alarmes \u00e0 des particuliers, sans condition de ressource (50&nbsp;000&nbsp;\u20ac par an), les v\u0153ux du Maire (115&nbsp;000&nbsp;\u20ac) et la sortie du Maire (200&nbsp;000&nbsp;\u20ac). Et les cr\u00e8ches sont confi\u00e9es \u00e0 des fonds de pension qui s\u2019enrichissent avec l\u2019argent public\u2026<\/p>\n\n\n\n<p><strong>Charit\u00e9 bien ordonn\u00e9e commence par la majorit\u00e9<\/strong><\/p>\n\n\n<div class=\"wp-block-image\">\n<figure class=\"alignright size-full is-resized\"><a href=\"https:\/\/clamart-citoyenne.fr\/wp-content\/uploads\/2024\/10\/pluie-dor-et-dargent-pieces-billets.png\"><img loading=\"lazy\" decoding=\"async\" width=\"1024\" height=\"768\" src=\"https:\/\/clamart-citoyenne.fr\/wp-content\/uploads\/2024\/10\/pluie-dor-et-dargent-pieces-billets.png\" alt=\"\" class=\"wp-image-34201\" style=\"width:229px;height:auto\" srcset=\"https:\/\/clamart-citoyenne.fr\/wp-content\/uploads\/2024\/10\/pluie-dor-et-dargent-pieces-billets.png 1024w, https:\/\/clamart-citoyenne.fr\/wp-content\/uploads\/2024\/10\/pluie-dor-et-dargent-pieces-billets-300x225.png 300w, https:\/\/clamart-citoyenne.fr\/wp-content\/uploads\/2024\/10\/pluie-dor-et-dargent-pieces-billets-768x576.png 768w\" sizes=\"auto, (max-width: 1024px) 100vw, 1024px\" \/><\/a><\/figure><\/div>\n\n\n<p>Tout en imposant aux agents municipaux de se serrer la ceinture, la majorit\u00e9 s\u2019est octroy\u00e9 une nouvelle augmentation de ses indemnit\u00e9s. Depuis 2014 l\u2019enveloppe globale des indemnit\u00e9s a plus que doubl\u00e9, atteignant 470&nbsp;000&nbsp;\u20ac par an, soit un surco\u00fbt de plus de 2&nbsp;M&nbsp;\u20ac en 10 ans. Des indemnit\u00e9s qui se cumulent avec celles du Territoire VSGP et des pr\u00e9sidences des nombreuses soci\u00e9t\u00e9s publiques nouvellement cr\u00e9\u00e9es, avec leurs jetons de pr\u00e9sence \u00e0 100&nbsp;\u20ac par r\u00e9union.<\/p>\n\n\n\n<p>S\u2019il est normal que les \u00e9lus soient d\u00e9cemment indemnis\u00e9s, les montants doivent \u00eatre proportionn\u00e9s aux revenus des administr\u00e9s et agents.<\/p>\n\n\n\n<p><strong>Stupide et inhumain<\/strong><\/p>\n\n\n\n<p>Les m\u00eames se frottent les mains \u00e0 l\u2019id\u00e9e de supprimer l\u2019Aide M\u00e9dicale d\u2019\u00c9tat, quand les rapports officiels montrent qu\u2019elle n\u2019est pas une raison de migration. C\u2019est stupide, car l\u2019h\u00f4pital public se retrouverait seul \u00e0 prendre en charge des soins jusque-l\u00e0 partag\u00e9s avec la m\u00e9decine de ville. B\u00e9cl\u00e8re en ferait les frais, qui souffre d\u00e9j\u00e0 d\u2019un manque de lits et de personnels. Parce qu\u2019\u00e9videmment les soignants ne laisseront jamais des personnes sans soin.<\/p>\n\n\n<div class=\"wp-block-image\">\n<figure class=\"aligncenter size-full is-resized\"><a href=\"https:\/\/www.huffingtonpost.fr\/life\/article\/sur-l-ame-ces-soignants-ne-decolerent-pas-apres-les-declarations-de-bruno-retailleau_240032.html\"><img loading=\"lazy\" decoding=\"async\" width=\"639\" height=\"385\" src=\"https:\/\/clamart-citoyenne.fr\/wp-content\/uploads\/2024\/10\/image.png\" alt=\"\" class=\"wp-image-34199\" style=\"width:361px;height:auto\" srcset=\"https:\/\/clamart-citoyenne.fr\/wp-content\/uploads\/2024\/10\/image.png 639w, https:\/\/clamart-citoyenne.fr\/wp-content\/uploads\/2024\/10\/image-300x181.png 300w\" sizes=\"auto, (max-width: 639px) 100vw, 639px\" \/><\/a><\/figure><\/div>\n\n\n<p><em>Retrouvez-nous sur <\/em><a href=\"https:\/\/twitter.com\/clamartcitoy\" target=\"_blank\" rel=\"noreferrer noopener\"><em>X\/Twitter<\/em><\/a><em>, <\/em><a href=\"https:\/\/www.instagram.com\/clamartcitoyenne\/\" target=\"_blank\" rel=\"noreferrer noopener\"><em>Instagram<\/em><\/a><em>, <\/em><a href=\"https:\/\/www.facebook.com\/ClamartCitoyenne\" target=\"_blank\" rel=\"noreferrer noopener\"><em>Facebook<\/em><\/a><em> et sur <\/em><a href=\"http:\/\/clamart-citoyenne.fr\/\" target=\"_blank\" rel=\"noreferrer noopener\"><em>clamart-citoyenne.fr<\/em><\/a>.<\/p>\n\n<div class=\"twitter-share\"><a href=\"https:\/\/twitter.com\/intent\/tweet?via=clamartcitoy\" class=\"twitter-share-button\">Tweet<\/a><\/div>\n","protected":false},"excerpt":{"rendered":"<p>730 jours C\u2019est la dur\u00e9e actuelle des travaux de la rue pi\u00e9tonne dont les commer\u00e7ants ne voient pas la fin. Nous avons demand\u00e9 au conseil municipal de septembre que des mesures fortes soient prises pour les soutenir. Le maire nous a r\u00e9pondu que cela n\u2019\u00e9tait pas n\u00e9cessaire car certains auraient m\u00eame vu leur chiffre d\u2019affaires&#8230;<\/p>\n","protected":false},"author":1,"featured_media":33901,"comment_status":"open","ping_status":"open","sticky":false,"template":"","format":"standard","meta":{"advgb_blocks_editor_width":"","advgb_blocks_columns_visual_guide":"","_kad_post_transparent":"","_kad_post_title":"","_kad_post_layout":"","_kad_post_sidebar_id":"","_kad_post_content_style":"","_kad_post_vertical_padding":"","_kad_post_feature":"","_kad_post_feature_position":"","_kad_post_header":false,"_kad_post_footer":false,"_kad_post_classname":"","jetpack_post_was_ever_published":false,"_jetpack_newsletter_access":"","_jetpack_dont_email_post_to_subs":false,"_jetpack_newsletter_tier_id":0,"_jetpack_memberships_contains_paywalled_content":false,"_jetpack_memberships_contains_paid_content":false,"footnotes":"","jetpack_publicize_message":"","jetpack_publicize_feature_enabled":true,"jetpack_social_post_already_shared":true,"jetpack_social_options":{"image_generator_settings":{"template":"highway","default_image_id":0,"font":"","enabled":false},"version":2}},"categories":[1],"tags":[1330,1332,816,1334,1328,1331,1329,1333,1181,66],"class_list":["post-34193","post","type-post","status-publish","format-standard","has-post-thumbnail","hentry","category-uncategorized","tag-agents-municipaux","tag-ame","tag-ideologie","tag-inhumain","tag-roue-libre","tag-se-servir","tag-services-publics","tag-stupidite","tag-travaux","tag-tribune"],"author_meta":{"display_name":"CCadminWP","author_link":"https:\/\/clamart-citoyenne.fr\/?author=1"},"featured_img":"https:\/\/clamart-citoyenne.fr\/wp-content\/uploads\/2024\/03\/WhatsApp-Image-2024-03-19-a-11.25.30_aeeb51d1-300x225.jpg","jetpack_publicize_connections":[],"jetpack_featured_media_url":"https:\/\/clamart-citoyenne.fr\/wp-content\/uploads\/2024\/03\/WhatsApp-Image-2024-03-19-a-11.25.30_aeeb51d1.jpg","coauthors":[],"tax_additional":{"categories":{"linked":["<a href=\"https:\/\/clamart-citoyenne.fr\/?cat=1\" class=\"advgb-post-tax-term\">Uncategorized<\/a>"],"unlinked":["<span class=\"advgb-post-tax-term\">Uncategorized<\/span>"]},"tags":{"linked":["<a href=\"https:\/\/clamart-citoyenne.fr\/?cat=1\" class=\"advgb-post-tax-term\">Agents municipaux<\/a>","<a href=\"https:\/\/clamart-citoyenne.fr\/?cat=1\" class=\"advgb-post-tax-term\">AME<\/a>","<a href=\"https:\/\/clamart-citoyenne.fr\/?cat=1\" class=\"advgb-post-tax-term\">Id\u00e9ologie<\/a>","<a href=\"https:\/\/clamart-citoyenne.fr\/?cat=1\" class=\"advgb-post-tax-term\">Inhumain<\/a>","<a href=\"https:\/\/clamart-citoyenne.fr\/?cat=1\" class=\"advgb-post-tax-term\">Roue libre<\/a>","<a href=\"https:\/\/clamart-citoyenne.fr\/?cat=1\" class=\"advgb-post-tax-term\">Se servir<\/a>","<a href=\"https:\/\/clamart-citoyenne.fr\/?cat=1\" class=\"advgb-post-tax-term\">Services publics<\/a>","<a href=\"https:\/\/clamart-citoyenne.fr\/?cat=1\" class=\"advgb-post-tax-term\">Stupidit\u00e9<\/a>","<a href=\"https:\/\/clamart-citoyenne.fr\/?cat=1\" class=\"advgb-post-tax-term\">Travaux<\/a>","<a href=\"https:\/\/clamart-citoyenne.fr\/?cat=1\" class=\"advgb-post-tax-term\">Tribune<\/a>"],"unlinked":["<span class=\"advgb-post-tax-term\">Agents municipaux<\/span>","<span class=\"advgb-post-tax-term\">AME<\/span>","<span class=\"advgb-post-tax-term\">Id\u00e9ologie<\/span>","<span class=\"advgb-post-tax-term\">Inhumain<\/span>","<span class=\"advgb-post-tax-term\">Roue libre<\/span>","<span class=\"advgb-post-tax-term\">Se servir<\/span>","<span class=\"advgb-post-tax-term\">Services publics<\/span>","<span class=\"advgb-post-tax-term\">Stupidit\u00e9<\/span>","<span class=\"advgb-post-tax-term\">Travaux<\/span>","<span class=\"advgb-post-tax-term\">Tribune<\/span>"]}},"comment_count":"0","relative_dates":{"created":"Publi\u00e9 2 ans il y a","modified":"Mis \u00e0 jour 2 ans il y a"},"absolute_dates":{"created":"Publi\u00e9 le 01\/10\/2024","modified":"Mise \u00e0 jour le 01\/10\/2024"},"absolute_dates_time":{"created":"Publi\u00e9 le 01\/10\/2024 10:07","modified":"Mise \u00e0 jour le 01\/10\/2024 10:07"},"featured_img_caption":"","series_order":"","jetpack_sharing_enabled":true,"jetpack_shortlink":"https:\/\/wp.me\/p7cbn9-8Tv","jetpack_likes_enabled":true,"_links":{"self":[{"href":"https:\/\/clamart-citoyenne.fr\/index.php?rest_route=\/wp\/v2\/posts\/34193","targetHints":{"allow":["GET"]}}],"collection":[{"href":"https:\/\/clamart-citoyenne.fr\/index.php?rest_route=\/wp\/v2\/posts"}],"about":[{"href":"https:\/\/clamart-citoyenne.fr\/index.php?rest_route=\/wp\/v2\/types\/post"}],"author":[{"embeddable":true,"href":"https:\/\/clamart-citoyenne.fr\/index.php?rest_route=\/wp\/v2\/users\/1"}],"replies":[{"embeddable":true,"href":"https:\/\/clamart-citoyenne.fr\/index.php?rest_route=%2Fwp%2Fv2%2Fcomments&post=34193"}],"version-history":[{"count":3,"href":"https:\/\/clamart-citoyenne.fr\/index.php?rest_route=\/wp\/v2\/posts\/34193\/revisions"}],"predecessor-version":[{"id":34203,"href":"https:\/\/clamart-citoyenne.fr\/index.php?rest_route=\/wp\/v2\/posts\/34193\/revisions\/34203"}],"wp:featuredmedia":[{"embeddable":true,"href":"https:\/\/clamart-citoyenne.fr\/index.php?rest_route=\/wp\/v2\/media\/33901"}],"wp:attachment":[{"href":"https:\/\/clamart-citoyenne.fr\/index.php?rest_route=%2Fwp%2Fv2%2Fmedia&parent=34193"}],"wp:term":[{"taxonomy":"category","embeddable":true,"href":"https:\/\/clamart-citoyenne.fr\/index.php?rest_route=%2Fwp%2Fv2%2Fcategories&post=34193"},{"taxonomy":"post_tag","embeddable":true,"href":"https:\/\/clamart-citoyenne.fr\/index.php?rest_route=%2Fwp%2Fv2%2Ftags&post=34193"}],"curies":[{"name":"wp","href":"https:\/\/api.w.org\/{rel}","templated":true}]}}