{"id":35186,"date":"2026-03-02T20:03:02","date_gmt":"2026-03-02T18:03:02","guid":{"rendered":"https:\/\/clamart-citoyenne.fr\/?p=35186"},"modified":"2026-03-02T20:03:05","modified_gmt":"2026-03-02T18:03:05","slug":"tribune-mars-2026","status":"publish","type":"post","link":"https:\/\/clamart-citoyenne.fr\/?p=35186","title":{"rendered":"Tribune mars 2026"},"content":{"rendered":"\n<p><strong>Hunebelle creuse la dette de Clamart<\/strong><\/p>\n\n\n<div class=\"wp-block-image\">\n<figure class=\"alignright size-full is-resized\"><a href=\"https:\/\/clamart-citoyenne.fr\/wp-content\/uploads\/2023\/02\/img_63f23b3ebd2be.png\"><img loading=\"lazy\" decoding=\"async\" width=\"618\" height=\"333\" src=\"https:\/\/clamart-citoyenne.fr\/wp-content\/uploads\/2023\/02\/img_63f23b3ebd2be.png\" alt=\"Dette Clamart\" class=\"wp-image-33116\" style=\"width:177px;height:auto\" srcset=\"https:\/\/clamart-citoyenne.fr\/wp-content\/uploads\/2023\/02\/img_63f23b3ebd2be.png 618w, https:\/\/clamart-citoyenne.fr\/wp-content\/uploads\/2023\/02\/img_63f23b3ebd2be-300x162.png 300w\" sizes=\"auto, (max-width: 618px) 100vw, 618px\" \/><\/a><\/figure><\/div>\n\n\n<p>115 M\u20ac ! &nbsp;Une d\u00e9pense de plus qui aggrave la situation de Clamart, d\u00e9sormais 10e ville la plus endett\u00e9e.<\/p>\n\n\n\n<p>Plut\u00f4t qu\u2019une r\u00e9novation des gradins et de la piste d\u2019athl\u00e9tisme, appr\u00e9ci\u00e9e des familles, ce projet d\u00e9mesur\u00e9 interroge : tribunes plus petites, pelouse utilisable seulement 6 \u00e0 8 heures par semaine, un complexe \u00e0 chauffer l\u2019hiver et \u00e0 climatiser l\u2019\u00e9t\u00e9.<\/p>\n\n\n\n<p>Les Clamartois financeront ce projet pharaonique, annonc\u00e9 pour les \u00ab JO de Paris 2024 \u00bb, par leurs imp\u00f4ts et la TVA.<\/p>\n\n\n\n<p>Les financements et subventions, notamment du Territoire, ne pourront plus \u00eatre utilis\u00e9s pour r\u00e9nover les nombreux \u00e9quipements sportifs d\u00e9labr\u00e9s : gymnases, stade de la Plaine, installations couvertes du tennis, ou l\u2019\u00e9quivalent de 6 \u00e9coles pour anticiper les canicules.<\/p>\n\n\n\n<p>La ville devrait faire preuve de davantage de responsabilit\u00e9 et utiliser avec rigueur les fonds publics.<\/p>\n\n\n\n<p><strong>Des m\u00e9decins quittent la ville sans proposition s\u00e9rieuse<\/strong><\/p>\n\n\n\n<p>Les docteurs Berthier et Dufremon ont d\u00fb cesser d\u2019exercer \u00e0 Trivaux-Garenne sans proposition adapt\u00e9e de la mairie.<\/p>\n\n\n<div class=\"wp-block-image\">\n<figure class=\"alignleft size-full is-resized\"><a href=\"https:\/\/clamart-citoyenne.fr\/wp-content\/uploads\/2026\/03\/image.png\"><img loading=\"lazy\" decoding=\"async\" width=\"723\" height=\"619\" src=\"https:\/\/clamart-citoyenne.fr\/wp-content\/uploads\/2026\/03\/image.png\" alt=\"\" class=\"wp-image-35187\" style=\"width:118px;height:auto\" srcset=\"https:\/\/clamart-citoyenne.fr\/wp-content\/uploads\/2026\/03\/image.png 723w, https:\/\/clamart-citoyenne.fr\/wp-content\/uploads\/2026\/03\/image-300x257.png 300w\" sizes=\"auto, (max-width: 723px) 100vw, 723px\" \/><\/a><\/figure><\/div>\n\n\n<p>Leurs milliers de patients auraient pu continuer \u00e0 \u00eatre suivis si un local leur avait \u00e9t\u00e9 propos\u00e9 parmi la centaine rachet\u00e9s pour pr\u00e8s de 100M\u20ac !<\/p>\n\n\n\n<p>Plus de 500 personnes ont sign\u00e9 une p\u00e9tition demandant une r\u00e9action de la mairie, sans succ\u00e8s.<\/p>\n\n\n\n<p>Alors que la sant\u00e9 devrait \u00eatre une priorit\u00e9 municipale, les g\u00e9n\u00e9ralistes et sp\u00e9cialistes sont devenus de plus en plus rares \u00e0 Clamart, avec une population vieillissante et l\u2019arriv\u00e9e de plus de 1500 habitants\/an ces derni\u00e8res ann\u00e9es.<\/p>\n\n\n\n<p><strong>Tramway T10 : 1 milliard et 10 ans de travaux&nbsp;!<\/strong><\/p>\n\n\n<div class=\"wp-block-image\">\n<figure class=\"alignright size-full\"><a href=\"https:\/\/clamart-citoyenne.fr\/wp-content\/uploads\/2023\/03\/img_64149d9355709.png\"><img loading=\"lazy\" decoding=\"async\" width=\"138\" height=\"84\" src=\"https:\/\/clamart-citoyenne.fr\/wp-content\/uploads\/2023\/03\/img_64149d9355709.png\" alt=\"Prolongement T10\" class=\"wp-image-33188\"\/><\/a><\/figure><\/div>\n\n\n<p>Nouveau projet pharaonique de l\u2019\u00e9quipe actuelle, le prolongement du T10 en tunnel co\u00fbtera 730 millions d\u2019euros, probablement 1 milliard avec les d\u00e9passements habituels. Il sera financ\u00e9 par les Clamartois via leurs imp\u00f4ts et les taxes.<\/p>\n\n\n\n<p>10 ans de travaux (avec les in\u00e9vitables retards), des places et des rues ferm\u00e9es au public pour creuser des stations, des sorties de s\u00e9curit\u00e9 et d\u2019a\u00e9ration et stocker du mat\u00e9riel lourd, avec des expropriations, des inqui\u00e9tudes pour les b\u00e2timents et des commerces en d\u00e9tresse.<\/p>\n\n\n\n<p>Les quartiers perturb\u00e9s sont ceux du Jardin parisien (entr\u00e9e du tunnelier), du centre-ville, de l\u2019avenue V. Hugo (ferm\u00e9e par tron\u00e7on tous les 800 m), de la rue des Garrements autour de la gare et de l\u2019avenue M. Renaudin (voie de d\u00e9viation).<\/p>\n\n\n\n<p>Il est encore possible de stopper ce projet, de relancer une \u00e9tude d\u2019opportunit\u00e9 et d\u2019am\u00e9liorer d\u00e8s \u00e0 pr\u00e9sent les transports en commun (renforcement des bus, navettes express\u2026).<\/p>\n\n\n\n<p><em>Retrouvez-nous sur <\/em><a href=\"https:\/\/twitter.com\/clamartcitoy\" target=\"_blank\" rel=\"noreferrer noopener\"><em>X\/Twitter<\/em><\/a><em>, <\/em><a href=\"https:\/\/www.instagram.com\/clamartcitoyenne\/\" target=\"_blank\" rel=\"noreferrer noopener\"><em>Instagram<\/em><\/a><em>, <\/em><a href=\"https:\/\/www.facebook.com\/ClamartCitoyenne\" target=\"_blank\" rel=\"noreferrer noopener\"><em>Facebook<\/em><\/a><em> et sur <\/em><a href=\"http:\/\/clamart-citoyenne.fr\/\" target=\"_blank\" rel=\"noreferrer noopener\"><em>clamart-citoyenne.fr<\/em><\/a>.<\/p>\n\n<div class=\"twitter-share\"><a href=\"https:\/\/twitter.com\/intent\/tweet?via=clamartcitoy\" class=\"twitter-share-button\">Tweet<\/a><\/div>\n","protected":false},"excerpt":{"rendered":"<p>Hunebelle creuse la dette de Clamart 115 M\u20ac ! &nbsp;Une d\u00e9pense de plus qui aggrave la situation de Clamart, d\u00e9sormais 10e ville la plus endett\u00e9e. Plut\u00f4t qu\u2019une r\u00e9novation des gradins et de la piste d\u2019athl\u00e9tisme, appr\u00e9ci\u00e9e des familles, ce projet d\u00e9mesur\u00e9 interroge : tribunes plus petites, pelouse utilisable seulement 6 \u00e0 8 heures par semaine,&#8230;<\/p>\n","protected":false},"author":1,"featured_media":33116,"comment_status":"open","ping_status":"open","sticky":false,"template":"","format":"standard","meta":{"advgb_blocks_editor_width":"","advgb_blocks_columns_visual_guide":"","_kad_post_transparent":"","_kad_post_title":"","_kad_post_layout":"","_kad_post_sidebar_id":"","_kad_post_content_style":"","_kad_post_vertical_padding":"","_kad_post_feature":"","_kad_post_feature_position":"","_kad_post_header":false,"_kad_post_footer":false,"_kad_post_classname":"","jetpack_post_was_ever_published":false,"_jetpack_newsletter_access":"","_jetpack_dont_email_post_to_subs":false,"_jetpack_newsletter_tier_id":0,"_jetpack_memberships_contains_paywalled_content":false,"_jetpack_memberships_contains_paid_content":false,"footnotes":"","jetpack_publicize_message":"","jetpack_publicize_feature_enabled":true,"jetpack_social_post_already_shared":true,"jetpack_social_options":{"image_generator_settings":{"template":"highway","default_image_id":0,"font":"","enabled":false},"version":2}},"categories":[1],"tags":[1452,609,763,291,1451,1266,255],"class_list":["post-35186","post","type-post","status-publish","format-standard","has-post-thumbnail","hentry","category-uncategorized","tag-desert","tag-dette","tag-gabegie","tag-hunebelle","tag-medecins","tag-prolongement","tag-t10"],"author_meta":{"display_name":"CCadminWP","author_link":"https:\/\/clamart-citoyenne.fr\/?author=1"},"featured_img":"https:\/\/clamart-citoyenne.fr\/wp-content\/uploads\/2023\/02\/img_63f23b3ebd2be-300x162.png","jetpack_publicize_connections":[],"jetpack_featured_media_url":"https:\/\/clamart-citoyenne.fr\/wp-content\/uploads\/2023\/02\/img_63f23b3ebd2be.png","coauthors":[],"tax_additional":{"categories":{"linked":["<a href=\"https:\/\/clamart-citoyenne.fr\/?cat=1\" class=\"advgb-post-tax-term\">Uncategorized<\/a>"],"unlinked":["<span class=\"advgb-post-tax-term\">Uncategorized<\/span>"]},"tags":{"linked":["<a href=\"https:\/\/clamart-citoyenne.fr\/?cat=1\" class=\"advgb-post-tax-term\">D\u00e9sert<\/a>","<a href=\"https:\/\/clamart-citoyenne.fr\/?cat=1\" class=\"advgb-post-tax-term\">Dette<\/a>","<a href=\"https:\/\/clamart-citoyenne.fr\/?cat=1\" class=\"advgb-post-tax-term\">Gabegie<\/a>","<a href=\"https:\/\/clamart-citoyenne.fr\/?cat=1\" class=\"advgb-post-tax-term\">Hunebelle<\/a>","<a href=\"https:\/\/clamart-citoyenne.fr\/?cat=1\" class=\"advgb-post-tax-term\">M\u00e9decins<\/a>","<a href=\"https:\/\/clamart-citoyenne.fr\/?cat=1\" class=\"advgb-post-tax-term\">Prolongement<\/a>","<a href=\"https:\/\/clamart-citoyenne.fr\/?cat=1\" class=\"advgb-post-tax-term\">T10<\/a>"],"unlinked":["<span class=\"advgb-post-tax-term\">D\u00e9sert<\/span>","<span class=\"advgb-post-tax-term\">Dette<\/span>","<span class=\"advgb-post-tax-term\">Gabegie<\/span>","<span class=\"advgb-post-tax-term\">Hunebelle<\/span>","<span class=\"advgb-post-tax-term\">M\u00e9decins<\/span>","<span class=\"advgb-post-tax-term\">Prolongement<\/span>","<span class=\"advgb-post-tax-term\">T10<\/span>"]}},"comment_count":"0","relative_dates":{"created":"Publi\u00e9 2 mois il y a","modified":"Mis \u00e0 jour 2 mois il y a"},"absolute_dates":{"created":"Publi\u00e9 le 02\/03\/2026","modified":"Mise \u00e0 jour le 02\/03\/2026"},"absolute_dates_time":{"created":"Publi\u00e9 le 02\/03\/2026 20:03","modified":"Mise \u00e0 jour le 02\/03\/2026 20:03"},"featured_img_caption":"","series_order":"","jetpack_sharing_enabled":true,"jetpack_shortlink":"https:\/\/wp.me\/p7cbn9-99w","jetpack_likes_enabled":true,"_links":{"self":[{"href":"https:\/\/clamart-citoyenne.fr\/index.php?rest_route=\/wp\/v2\/posts\/35186","targetHints":{"allow":["GET"]}}],"collection":[{"href":"https:\/\/clamart-citoyenne.fr\/index.php?rest_route=\/wp\/v2\/posts"}],"about":[{"href":"https:\/\/clamart-citoyenne.fr\/index.php?rest_route=\/wp\/v2\/types\/post"}],"author":[{"embeddable":true,"href":"https:\/\/clamart-citoyenne.fr\/index.php?rest_route=\/wp\/v2\/users\/1"}],"replies":[{"embeddable":true,"href":"https:\/\/clamart-citoyenne.fr\/index.php?rest_route=%2Fwp%2Fv2%2Fcomments&post=35186"}],"version-history":[{"count":2,"href":"https:\/\/clamart-citoyenne.fr\/index.php?rest_route=\/wp\/v2\/posts\/35186\/revisions"}],"predecessor-version":[{"id":35189,"href":"https:\/\/clamart-citoyenne.fr\/index.php?rest_route=\/wp\/v2\/posts\/35186\/revisions\/35189"}],"wp:featuredmedia":[{"embeddable":true,"href":"https:\/\/clamart-citoyenne.fr\/index.php?rest_route=\/wp\/v2\/media\/33116"}],"wp:attachment":[{"href":"https:\/\/clamart-citoyenne.fr\/index.php?rest_route=%2Fwp%2Fv2%2Fmedia&parent=35186"}],"wp:term":[{"taxonomy":"category","embeddable":true,"href":"https:\/\/clamart-citoyenne.fr\/index.php?rest_route=%2Fwp%2Fv2%2Fcategories&post=35186"},{"taxonomy":"post_tag","embeddable":true,"href":"https:\/\/clamart-citoyenne.fr\/index.php?rest_route=%2Fwp%2Fv2%2Ftags&post=35186"}],"curies":[{"name":"wp","href":"https:\/\/api.w.org\/{rel}","templated":true}]}}